{"id":34719,"date":"2018-05-10T19:37:21","date_gmt":"2018-05-11T00:37:21","guid":{"rendered":"http:\/\/www.turistamagazine.com\/v2\/?p=34719"},"modified":"2018-05-10T19:43:39","modified_gmt":"2018-05-11T00:43:39","slug":"le-doy-mi-palabra-ya-fue","status":"publish","type":"post","link":"https:\/\/www.turistamagazine.com\/v2\/?p=34719","title":{"rendered":"\u201cLE DOY MI PALABRA &#8211;\u00a0YA FUE\u00bb"},"content":{"rendered":"<p style=\"text-align: justify;\">Desde la \u00e9poca en que se pactaban convenios con la frase <span style=\"color: #000080;\"><strong><em>\u201cle doy mi palabra\u201d<\/em><\/strong> o <em><strong>\u201cest\u00e1 de por medio mi honor\u201d<\/strong><\/em><\/span>, y como el dicho popular lo afirma \u00a0\u00a0\u201cmucho agua ha corrido bajo los puentes\u201d, es una frase <span style=\"color: #000080;\"><strong><em>\u201cdemod\u00e9e<\/em><\/strong><\/span>\u201d o como dice la gente joven <span style=\"color: #000080;\"><strong><em>\u201cya fue\u201d<\/em><\/strong><\/span>, \u00a0anticuada sin valor porque los par\u00e1metros morales han sufrido incontables cambios, puesto que las aguas han arrasado con muchos puentes como igualmente han sido arrasadas la \u00e9tica, la dignidad y las buenas pr\u00e1cticas.<\/p>\n<p style=\"text-align: justify;\"><strong><em><span style=\"color: #000080;\">El mundo se desarrolla sobre la base de convenios y tratados, y son estos s\u00f3lo\u00a0 el feliz resultado de un intercambio de ideas que tal vez fueron una quimera en principio, pero, que al concretarse se convirtieron en tratados de paz, intercambio y desarrollo.<\/span><\/em><\/strong><\/p>\n<p style=\"text-align: justify;\">Existen de acuerdo a <em><strong><span style=\"color: #000080;\">Census.gov (2018) 7,450 millones de seres humanos en el mund<\/span><\/strong><\/em>o, -y\u00a0 como crece la China y la india estamos seguros que ya pronto sumaremos algunos millones m\u00e1s- que nos toca vivir en diferentes continentes, diversos pa\u00edses, nos expresamos en idiomas distintos, profesamos diversas religiones e ideolog\u00edas pol\u00edticas y nos conducimos bajo diferentes c\u00f3digos morales, pero sin embargo nos mantenemos unidos s\u00f3lo por el hecho de poder comunicarnos y, sobre todo, por honrar la palabra empe\u00f1ada.<\/p>\n<p style=\"text-align: justify;\">Naturalmente eso tambi\u00e9n implica el respeto por el tiempo de los dem\u00e1s\u00a0 empezando por algo tan sencillo: <em><strong><span style=\"color: #000080;\">\u201cla hora es la hora\u201d<\/span><\/strong><\/em>, tenemos que sacudirnos el h\u00e1bito de la hora <em><strong><span style=\"color: #000080;\">\u201cCabana\u201d<\/span><\/strong><\/em> de triste recordaci\u00f3n hoy m\u00e1s que nunca. \u00a0Si respetamos \u00a0la palabra empe\u00f1ada, el mundo puede seguir su curso. <em><strong><span style=\"color: #000080;\">El respeto a la palabra tiene una connotaci\u00f3n casi sagrada<\/span><\/strong><\/em>, imaginemos\u00a0 la total confusi\u00f3n si los gobernantes no respetaran los tratados de paz, convenios y programas establecidos en todos los campos del diario vivir, no queremos\u00a0 ni pensarlo, ser\u00eda la anarqu\u00eda total.<\/p>\n<p style=\"text-align: justify;\">\u00a0En tal sentido, los l\u00edderes pol\u00edticos y religiosos que tienen el poder de la palabra, tienen la gran responsabilidad de guiar a las masas hacia la paz, y tenemos muchos ejemplos de ellos,\u00a0 mencionaremos s\u00f3lo a dos el <em><strong><span style=\"color: #000080;\">Papa Juan Pablo II y Mahatma\u00a0\u00a0 Ghandi que proclamaba la paz y la construcci\u00f3n de un mundo mejor. Y ahora nuestro querido Francisco que con su carisma y humildad est\u00e1 recobrando \u00a0como el buen pastor\u00a0 a millones de ovejas extraviadas<\/span><\/strong><\/em><\/p>\n<p style=\"text-align: justify;\">En turismo que es el rubro que nos ocupa, si no cumpli\u00e9ramos con la palabra empe\u00f1ada\u00a0 ser\u00eda catastr\u00f3fico, ya que lo que ofrecemos y vendemos es intangible hasta que no se llegue al lugar de destino. El usuario s\u00f3lo est\u00e1 confiando en el maravilloso atractivo que describimos, y deja volar su imaginaci\u00f3n a trav\u00e9s de nuestras palabras, por eso seamos conscientes de lo que estamos ofreciendo y no hagamos promesas que no podamos cumplir. <span style=\"color: #000080;\"><strong><em>Es la raz\u00f3n asimismo, por lo que al turismo se le conoce como \u00a0 \u201cla industria de los sue\u00f1os\u201d.<\/em><\/strong><\/span><\/p>\n<p style=\"text-align: justify;\">Qu\u00e9 buen ejemplo para nuestras juventudes si nuestros dirigentes pol\u00edticos\u00a0 cumplieran esta premisa <span style=\"color: #000080;\"><strong><em>\u201cmi palabra\u201d<\/em><\/strong><\/span> <em><strong><span style=\"color: #000080;\">por lo tanto mi prestigio de ser persona est\u00e1 en jueg<\/span><\/strong><\/em>o\u2026 No se\u00f1or, mienten y prometen cosas que no cumplir\u00e1n jam\u00e1s, la <em><strong><span style=\"color: #000080;\">mitoman\u00eda<\/span><\/strong><\/em> para ellos es un hobby y pareciera que viven en competencia para ver qui\u00e9n es m\u00e1s audaz en ese sentido.<\/p>\n<p><span style=\"color: #000080;\"><em><strong>El Per\u00fa conf\u00eda en que el presidente Vizcarra sea la excepci\u00f3n a la regla, y tiene la gran oportunidad\u00a0 y responsabilidad de pasar a la historia como un pol\u00edtico\u00a0 diferente.<\/strong><\/em><\/span><\/p>\n<p style=\"text-align: justify;\">Finalmente \u00a0 \u00bfNos preguntamos? \u00a0\u00bfC\u00f3mo quedar\u00eda el Per\u00fa si no respetara\u00a0 sus convenios? \u00a0<span style=\"color: #000080;\"><strong><em>Abraham Lincoln dec\u00eda \u201c Nadie tiene la memoria suficiente para mentir siempre con \u00e9xito. Podr\u00e1s enga\u00f1ar a todos durante alg\u00fan tiempo; podr\u00e1s enga\u00f1ar a alguien siempre; pero no podr\u00e1s enga\u00f1ar siempre a todos<\/em><\/strong><\/span>\u2026 Nosotros \u00a0diremos coloquialmente <span style=\"color: #000080;\"><strong><em>\u201cDe los amigos, gu\u00e1rdeme Dios, que de los enemigos, me guardo yo\u201d<\/em><\/strong><\/span><\/p>\n<p style=\"text-align: right;\"><strong>Magister Elena Villar<\/strong><\/p>\n<p style=\"text-align: right;\"><strong>Directora.<\/strong><\/p>\n<p><a href=\"https:\/\/www.turistamagazine.com\/v2\/wp-content\/uploads\/2017\/04\/descarga-3-1.jpg\"><img decoding=\"async\" class=\"size-full wp-image-28730 aligncenter\" src=\"https:\/\/www.turistamagazine.com\/v2\/wp-content\/uploads\/2017\/04\/descarga-3-1.jpg\" alt=\"\" width=\"160\" height=\"106\" \/><\/a><\/p>\n","protected":false},"excerpt":{"rendered":"<p>Desde la \u00e9poca en que se pactaban convenios con la frase \u201cle doy mi palabra\u201d o \u201cest\u00e1 de por medio mi honor\u201d, y como el dicho popular lo afirma \u00a0\u00a0\u201cmucho agua ha corrido bajo los puentes\u201d, es una frase \u201cdemod\u00e9e\u201d o como dice la gente joven \u201cya fue\u201d, \u00a0anticuada sin valor porque los par\u00e1metros morales han sufrido incontables cambios, puesto que las aguas han arrasado con muchos puentes como igualmente han sido arrasadas la \u00e9tica, la dignidad y las buenas pr\u00e1cticas. El mundo se desarrolla sobre la base de convenios y tratados, y son estos s\u00f3lo\u00a0 el feliz resultado de&#8230;<\/p>\n","protected":false},"author":1,"featured_media":0,"comment_status":"open","ping_status":"open","sticky":false,"template":"","format":"standard","meta":{"footnotes":""},"categories":[345],"tags":[8013,7471,330,749],"class_list":["post-34719","post","type-post","status-publish","format-standard","hentry","category-editorial","tag-le-doy-mi-palabra-ya-fue","tag-elenita-villar-asesora-de-tesis-en-turismo","tag-turismo-en-el-peru","tag-turistamagazine"],"_links":{"self":[{"href":"https:\/\/www.turistamagazine.com\/v2\/index.php?rest_route=\/wp\/v2\/posts\/34719","targetHints":{"allow":["GET"]}}],"collection":[{"href":"https:\/\/www.turistamagazine.com\/v2\/index.php?rest_route=\/wp\/v2\/posts"}],"about":[{"href":"https:\/\/www.turistamagazine.com\/v2\/index.php?rest_route=\/wp\/v2\/types\/post"}],"author":[{"embeddable":true,"href":"https:\/\/www.turistamagazine.com\/v2\/index.php?rest_route=\/wp\/v2\/users\/1"}],"replies":[{"embeddable":true,"href":"https:\/\/www.turistamagazine.com\/v2\/index.php?rest_route=%2Fwp%2Fv2%2Fcomments&post=34719"}],"version-history":[{"count":4,"href":"https:\/\/www.turistamagazine.com\/v2\/index.php?rest_route=\/wp\/v2\/posts\/34719\/revisions"}],"predecessor-version":[{"id":34723,"href":"https:\/\/www.turistamagazine.com\/v2\/index.php?rest_route=\/wp\/v2\/posts\/34719\/revisions\/34723"}],"wp:attachment":[{"href":"https:\/\/www.turistamagazine.com\/v2\/index.php?rest_route=%2Fwp%2Fv2%2Fmedia&parent=34719"}],"wp:term":[{"taxonomy":"category","embeddable":true,"href":"https:\/\/www.turistamagazine.com\/v2\/index.php?rest_route=%2Fwp%2Fv2%2Fcategories&post=34719"},{"taxonomy":"post_tag","embeddable":true,"href":"https:\/\/www.turistamagazine.com\/v2\/index.php?rest_route=%2Fwp%2Fv2%2Ftags&post=34719"}],"curies":[{"name":"wp","href":"https:\/\/api.w.org\/{rel}","templated":true}]}}