{"id":34712,"date":"2018-05-10T16:25:40","date_gmt":"2018-05-10T21:25:40","guid":{"rendered":"http:\/\/www.turistamagazine.com\/v2\/?p=34712"},"modified":"2018-05-10T16:25:40","modified_gmt":"2018-05-10T21:25:40","slug":"viva-air-peru-se-internacionaliza-con-vuelos-a-colombia","status":"publish","type":"post","link":"https:\/\/www.turistamagazine.com\/v2\/?p=34712","title":{"rendered":"VIVA AIR\u00a0 PER\u00da SE INTERNACIONALIZA CON VUELOS A COLOMBIA"},"content":{"rendered":"<p style=\"text-align: justify;\">\u00a0<em>10\/05\/ 2018\/Lima.- <\/em>\u00a0En el marco de la celebraci\u00f3n por su primer a\u00f1o de operaciones y con el objetivo de continuar democratizando la aviaci\u00f3n en el pa\u00eds, Viva Air Per\u00fa anunci\u00f3 que ha transportado un total de 500 mil pasajeros desde el 9 de mayo, d\u00eda hist\u00f3rico en el que se realiz\u00f3 el primer vuelo comercial de la aerol\u00ednea, hasta hoy.<\/p>\n<p style=\"text-align: justify;\">Durante este periodo, el <strong><em><span style=\"color: #000080;\">\u201cEfecto Viva\u201d<\/span><\/em><\/strong> que es la disminuci\u00f3n de las tarifas en los pasajes y el crecimiento del mercado, se logra apreciar en la reducci\u00f3n de precios de manera significativa, siendo Lima\u2013Iquitos\u2013Lima la m\u00e1s notable con una baja del 52%, seguida por Lima\u2013Piura\u2013Lima y Lima\u2013Tarapoto\u2013Lima, ambas con un 48%, Lima\u2013Arequipa\u2013Lima con un 41% y Lima\u2013Cuzco\u2013Lima con un 36%.<\/p>\n<p style=\"text-align: justify;\"><em><strong><span style=\"color: #000080;\">\u201cTenemos como meta transportar 940.000 pasajeros durante este a\u00f1o, es decir, m\u00e1s de 1.2 millones desde nuestro primer d\u00eda de operaciones hasta el cierre de 2018\u201d<\/span><\/strong><\/em>, coment\u00f3 Eduardo Fairen, CEO de Viva Air Per\u00fa, quien afirm\u00f3 que el grupo contin\u00faa reinvent\u00e1ndose para ofrecer precios bajos y hacer que la experiencia de los clientes sea cada vez mejor.<\/p>\n<p style=\"text-align: justify;\">Desde la llegada de Viva Air al Per\u00fa, tambi\u00e9n se puede apreciar un notable incremento en el n\u00famero de pasajeros transportados a diferentes destinos, en comparaci\u00f3n a los meses de enero y febrero del 2017; siendo Arequipa el destino con mayor alza con un 25.4%, seguido por Piura y Lima con 15.4% y 12.7% respectivamente.<\/p>\n<p style=\"text-align: justify;\"><em><strong><span style=\"color: #000080;\">Le comentamos que\u00a0 la participaci\u00f3n actual del grupo Viva Air en el mercado peruano es del 6% y se espera que para el pr\u00f3ximo a\u00f1o llegue al 11%, gracias a su nueva estrategia de expansi\u00f3n, dentro de la cual se destaca la compra de 50 aeronaves nuevas A320.<\/span><\/strong><\/em><\/p>\n<p style=\"text-align: justify;\"><em><strong><span style=\"color: #000080;\">Gracias a esta adquisici\u00f3n, el grupo l\u00edder en aerol\u00edneas de bajo costo en Latinoam\u00e9rica, espera finalizar el a\u00f1o con 5 aeronaves operando en Per\u00fa e implementar sus primeras rutas internacionales: Lima\u2013Bogot\u00e1\u2013Lima y Lima\u2013Medell\u00edn\u2013Lima, a mediados del presente a\u00f1o.<\/span><\/strong><\/em><\/p>\n","protected":false},"excerpt":{"rendered":"<p>\u00a010\/05\/ 2018\/Lima.- \u00a0En el marco de la celebraci\u00f3n por su primer a\u00f1o de operaciones y con el objetivo de continuar democratizando la aviaci\u00f3n en el pa\u00eds, Viva Air Per\u00fa anunci\u00f3 que ha transportado un total de 500 mil pasajeros desde el 9 de mayo, d\u00eda hist\u00f3rico en el que se realiz\u00f3 el primer vuelo comercial de la aerol\u00ednea, hasta hoy. Durante este periodo, el \u201cEfecto Viva\u201d que es la disminuci\u00f3n de las tarifas en los pasajes y el crecimiento del mercado, se logra apreciar en la reducci\u00f3n de precios de manera significativa, siendo Lima\u2013Iquitos\u2013Lima la m\u00e1s notable con una baja&#8230;<\/p>\n","protected":false},"author":1,"featured_media":0,"comment_status":"open","ping_status":"open","sticky":false,"template":"","format":"standard","meta":{"footnotes":""},"categories":[4,82],"tags":[8012,7471,1027,340,6132,6859],"class_list":["post-34712","post","type-post","status-publish","format-standard","hentry","category-breaking-news","category-nacionales","tag-eduardo-fairen","tag-elenita-villar-asesora-de-tesis-en-turismo","tag-latinoamerica","tag-peru","tag-portal-de-noticias-turistamagazine","tag-viva-air-peru"],"_links":{"self":[{"href":"https:\/\/www.turistamagazine.com\/v2\/index.php?rest_route=\/wp\/v2\/posts\/34712","targetHints":{"allow":["GET"]}}],"collection":[{"href":"https:\/\/www.turistamagazine.com\/v2\/index.php?rest_route=\/wp\/v2\/posts"}],"about":[{"href":"https:\/\/www.turistamagazine.com\/v2\/index.php?rest_route=\/wp\/v2\/types\/post"}],"author":[{"embeddable":true,"href":"https:\/\/www.turistamagazine.com\/v2\/index.php?rest_route=\/wp\/v2\/users\/1"}],"replies":[{"embeddable":true,"href":"https:\/\/www.turistamagazine.com\/v2\/index.php?rest_route=%2Fwp%2Fv2%2Fcomments&post=34712"}],"version-history":[{"count":1,"href":"https:\/\/www.turistamagazine.com\/v2\/index.php?rest_route=\/wp\/v2\/posts\/34712\/revisions"}],"predecessor-version":[{"id":34715,"href":"https:\/\/www.turistamagazine.com\/v2\/index.php?rest_route=\/wp\/v2\/posts\/34712\/revisions\/34715"}],"wp:attachment":[{"href":"https:\/\/www.turistamagazine.com\/v2\/index.php?rest_route=%2Fwp%2Fv2%2Fmedia&parent=34712"}],"wp:term":[{"taxonomy":"category","embeddable":true,"href":"https:\/\/www.turistamagazine.com\/v2\/index.php?rest_route=%2Fwp%2Fv2%2Fcategories&post=34712"},{"taxonomy":"post_tag","embeddable":true,"href":"https:\/\/www.turistamagazine.com\/v2\/index.php?rest_route=%2Fwp%2Fv2%2Ftags&post=34712"}],"curies":[{"name":"wp","href":"https:\/\/api.w.org\/{rel}","templated":true}]}}