{"id":34675,"date":"2018-05-08T19:07:14","date_gmt":"2018-05-09T00:07:14","guid":{"rendered":"http:\/\/www.turistamagazine.com\/v2\/?p=34675"},"modified":"2018-05-08T19:07:14","modified_gmt":"2018-05-09T00:07:14","slug":"inopia-legal-abuso-de-poder","status":"publish","type":"post","link":"https:\/\/www.turistamagazine.com\/v2\/?p=34675","title":{"rendered":"\u00bfINOPIA LEGAL?\u00a0 \u00bfABUSO DE PODER?"},"content":{"rendered":"<p style=\"text-align: justify;\"><span style=\"color: #000080;\"><strong>FRAN-CA-MENTE<\/strong><\/span>.- No dio la raz\u00f3n nuestro editorial\/ comentario publicado a primera hora de esta ma\u00f1ana 8 de mayo, y lo repetimos <span style=\"color: #000080;\"><em><strong>\u201cfue un bumerang <\/strong><\/em><\/span>para el Ministerio P\u00fablico para el Poder Judicial \u00a0y\u00a0 contra el juez Richard Concepci\u00f3n Carhuancho -por el cual el pueblo sent\u00eda cierta admiraci\u00f3n- puesto que tuvo que\u00a0 reconsiderar su sentencia ante la protesta general\u00a0 ya que hasta La Conferencia Episcopal\u00a0 se pronunci\u00f3 en un comunicado que entre otras cosas dijo <span style=\"color: #000080;\"><strong><em>\u00abDec\u00eda Santo Tomas de Aquino que la \u00abjusticia sin misericordia es una crueldad\u00bb.<\/em><\/strong><\/span><\/p>\n<p style=\"text-align: justify;\">Humalistas o no, todos reaccionaron ante una injusticia a todas luces\u2026<\/p>\n<p style=\"text-align: justify;\">El d\u00eda de hoy, el mismo Juez les otorga 30 d\u00edas para dejar la vivienda, nos preguntamos siempre puesto que no somos abogados remarcamos \u00a0\u00bfPor qu\u00e9 esta \u00a0reconsideraci\u00f3n de la orden? Evidentemente los abogados de la ex pareja presidencial, tuvieron los argumentos suficientes para protestar en contra de esta medida \u00a0de la Fiscal\u00eda, a todas luces \u00a0arbitraria desde nuestro lego punto de vista, pues si han estado 9 meses presos, \u00bfPor qu\u00e9 no \u00a0<span style=\"color: #000080;\"><strong><em>\u201callanaron o incautaron\u201d<\/em><\/strong><\/span> durante ese largo tiempo, \u00bfPor qu\u00e9 tuvieron que esperar que estuvieran en libertad y en su casa con sus ni\u00f1os, ciertamente nos pareci\u00f3 una medida apresurada por decir lo menos\u2026<\/p>\n<p style=\"text-align: justify;\">Y c\u00f3mo siempre nos cuestionamos, y preguntamos, \u00bfEsta orden \u00a0de \u00a0abandono de la vivienda familiar en 24 horas, y ahora se cambi\u00f3 por \u00a030 d\u00edas\u2026 <span style=\"color: #000080;\"><strong><em>\u00bfQu\u00e9 pas\u00f3? \u00bfD\u00f3nde est\u00e1 la capacidad\u00a0 de an\u00e1lisis del respetado Juez Carhuancho? \u00bfPor qu\u00e9 exponerse a esta demostraci\u00f3n evidente de debilidad o falta de consistencia en sus decisiones? Estas actitudes mellan a\u00fan M\u00c1S \u00a0la imagen del Poder Judicial, en nuestro pa\u00eds\u2026 Algo nada claro est\u00e1 ocurriendo\u2026<\/em><\/strong><\/span><\/p>\n<p style=\"text-align: justify;\">Decisiones apresuradas tomadas a las 24 horas de la anterior, afianzan en el imaginario popular la falta de transparencia \u00a0por utilizar una expresi\u00f3n educada de la justicia en el Per\u00fa\u2026 <em><strong><span style=\"color: #000080;\">Flaco \u00a0favor para nuestro pa\u00eds\u2026Palacio \u00a0de justicia?&#8230;<\/span><\/strong><\/em><strong><span style=\"color: #000080;\"> FRAN CA MENTE\u2026<\/span><\/strong><\/p>\n","protected":false},"excerpt":{"rendered":"<p>FRAN-CA-MENTE.- No dio la raz\u00f3n nuestro editorial\/ comentario publicado a primera hora de esta ma\u00f1ana 8 de mayo, y lo repetimos \u201cfue un bumerang para el Ministerio P\u00fablico para el Poder Judicial \u00a0y\u00a0 contra el juez Richard Concepci\u00f3n Carhuancho -por el cual el pueblo sent\u00eda cierta admiraci\u00f3n- puesto que tuvo que\u00a0 reconsiderar su sentencia ante la protesta general\u00a0 ya que hasta La Conferencia Episcopal\u00a0 se pronunci\u00f3 en un comunicado que entre otras cosas dijo \u00abDec\u00eda Santo Tomas de Aquino que la \u00abjusticia sin misericordia es una crueldad\u00bb. Humalistas o no, todos reaccionaron ante una injusticia a todas luces\u2026 El d\u00eda&#8230;<\/p>\n","protected":false},"author":1,"featured_media":0,"comment_status":"open","ping_status":"open","sticky":false,"template":"","format":"standard","meta":{"footnotes":""},"categories":[346],"tags":[],"class_list":["post-34675","post","type-post","status-publish","format-standard","hentry","category-francamente"],"_links":{"self":[{"href":"https:\/\/www.turistamagazine.com\/v2\/index.php?rest_route=\/wp\/v2\/posts\/34675","targetHints":{"allow":["GET"]}}],"collection":[{"href":"https:\/\/www.turistamagazine.com\/v2\/index.php?rest_route=\/wp\/v2\/posts"}],"about":[{"href":"https:\/\/www.turistamagazine.com\/v2\/index.php?rest_route=\/wp\/v2\/types\/post"}],"author":[{"embeddable":true,"href":"https:\/\/www.turistamagazine.com\/v2\/index.php?rest_route=\/wp\/v2\/users\/1"}],"replies":[{"embeddable":true,"href":"https:\/\/www.turistamagazine.com\/v2\/index.php?rest_route=%2Fwp%2Fv2%2Fcomments&post=34675"}],"version-history":[{"count":1,"href":"https:\/\/www.turistamagazine.com\/v2\/index.php?rest_route=\/wp\/v2\/posts\/34675\/revisions"}],"predecessor-version":[{"id":34676,"href":"https:\/\/www.turistamagazine.com\/v2\/index.php?rest_route=\/wp\/v2\/posts\/34675\/revisions\/34676"}],"wp:attachment":[{"href":"https:\/\/www.turistamagazine.com\/v2\/index.php?rest_route=%2Fwp%2Fv2%2Fmedia&parent=34675"}],"wp:term":[{"taxonomy":"category","embeddable":true,"href":"https:\/\/www.turistamagazine.com\/v2\/index.php?rest_route=%2Fwp%2Fv2%2Fcategories&post=34675"},{"taxonomy":"post_tag","embeddable":true,"href":"https:\/\/www.turistamagazine.com\/v2\/index.php?rest_route=%2Fwp%2Fv2%2Ftags&post=34675"}],"curies":[{"name":"wp","href":"https:\/\/api.w.org\/{rel}","templated":true}]}}