{"id":34555,"date":"2018-05-02T15:48:53","date_gmt":"2018-05-02T20:48:53","guid":{"rendered":"http:\/\/www.turistamagazine.com\/v2\/?p=34555"},"modified":"2018-05-02T15:48:53","modified_gmt":"2018-05-02T20:48:53","slug":"mincetur-competitividad-exportadora-del-cusco-se-consolidara-con-actualizacion-de-nuevo-plan-regional-exportador","status":"publish","type":"post","link":"https:\/\/www.turistamagazine.com\/v2\/?p=34555","title":{"rendered":"MINCETUR: COMPETITIVIDAD EXPORTADORA DEL CUSCO SE CONSOLIDAR\u00c1 CON ACTUALIZACI\u00d3N DE NUEVO PLAN REGIONAL EXPORTADOR"},"content":{"rendered":"<p style=\"text-align: justify;\">02\/05\/ 2018\/Lima.- El viceministro de Comercio Exterior, Edgar V\u00e1squez, anunci\u00f3 hoy que el Ministerio de Comercio Exterior y Turismo (Mincetur) consolidar\u00e1 la competitividad exportadora del Cusco a trav\u00e9s de la actualizaci\u00f3n del nuevo Plan Regional Exportador (PERX) de la regi\u00f3n.<\/p>\n<p style=\"text-align: justify;\">Indic\u00f3 que, para ello, se viene realizando un trabajo coordinado con el sector p\u00fablico, privado y la academia de la ciudad imperial. El primer paso es la convocatoria a un taller conjunto, para la segunda quincena de mayo, en la cual se utilizar\u00e1 una metodolog\u00eda que cuenta con el soporte t\u00e9cnico del Banco Mundial.<\/p>\n<p style=\"text-align: justify;\"><em><strong><span style=\"color: #000080;\">\u201cLa actualizaci\u00f3n del PERX Cusco elevar\u00e1 el nivel de competitividad, inversi\u00f3n y oferta exportable de la regi\u00f3n. As\u00ed se promover\u00e1, adem\u00e1s, la internacionalizaci\u00f3n de sus empresas, d\u00e1ndole relevancia al sector no tradicional\u201d<\/span><\/strong><\/em>, sostuvo.<\/p>\n<p style=\"text-align: justify;\">El viceministro V\u00e1squez realiz\u00f3 una visita de trabajo al Cusco y present\u00f3 las diferentes etapas del proceso de actualizaci\u00f3n del Plan Regional Exportador a autoridades y representantes de la regi\u00f3n en todos sus \u00e1mbitos. Posteriormente, recorri\u00f3 diversas empresas cooperativas y asociaciones y convers\u00f3 con productores de cacao, caf\u00e9, hierbas arom\u00e1ticas, cer\u00e1micos y alcachofa.<\/p>\n<p style=\"text-align: justify;\"><em><strong><span style=\"color: #000080;\">\u201cDurante esta visita identificamos inconvenientes en algunas cadenas productivo-exportadoras que impiden continuar el desarrollo a la internacionalizaci\u00f3n.\u201d<\/span><\/strong><\/em>, coment\u00f3.<\/p>\n<p><em><strong><span style=\"color: #000080;\">FINANCIAMIENTO AL COMERCIO EXTERIOR<\/span><\/strong><\/em><\/p>\n<p>De otro lado, el viceministro V\u00e1squez particip\u00f3 en el Seminario Internacional de Microfinanzas (SIM 2018). En la cita, el viceministro coment\u00f3 que uno de los limitantes m\u00e1s importantes en el comercio exterior peruano es el acceso a financiamiento. Por ello, una de las acciones realizadas por Mincetur para enfrentar esta inconveniente, fue la firma de un Convenio de Cooperaci\u00f3n Interinstitucional con la Federaci\u00f3n Peruana de Cajas Municipales de Ahorro y Cr\u00e9dito (FEPCMAC) con la finalidad de trabajar conjuntamente en estimular el desarrollo de la oferta de productos financieros para el sector exportador, as\u00ed como en reducir asimetr\u00edas de informaci\u00f3n, mediante actividades de capacitaci\u00f3n y difusi\u00f3n de las alternativas de financiamiento existentes.<\/p>\n","protected":false},"excerpt":{"rendered":"<p>02\/05\/ 2018\/Lima.- El viceministro de Comercio Exterior, Edgar V\u00e1squez, anunci\u00f3 hoy que el Ministerio de Comercio Exterior y Turismo (Mincetur) consolidar\u00e1 la competitividad exportadora del Cusco a trav\u00e9s de la actualizaci\u00f3n del nuevo Plan Regional Exportador (PERX) de la regi\u00f3n. Indic\u00f3 que, para ello, se viene realizando un trabajo coordinado con el sector p\u00fablico, privado y la academia de la ciudad imperial. El primer paso es la convocatoria a un taller conjunto, para la segunda quincena de mayo, en la cual se utilizar\u00e1 una metodolog\u00eda que cuenta con el soporte t\u00e9cnico del Banco Mundial. \u201cLa actualizaci\u00f3n del PERX Cusco elevar\u00e1&#8230;<\/p>\n","protected":false},"author":1,"featured_media":34556,"comment_status":"open","ping_status":"open","sticky":false,"template":"","format":"standard","meta":{"footnotes":""},"categories":[4,82],"tags":[7993,350,7994,6132],"class_list":["post-34555","post","type-post","status-publish","format-standard","has-post-thumbnail","hentry","category-breaking-news","category-nacionales","tag-edgar-vasquez","tag-mincetur","tag-perx","tag-portal-de-noticias-turistamagazine"],"_links":{"self":[{"href":"https:\/\/www.turistamagazine.com\/v2\/index.php?rest_route=\/wp\/v2\/posts\/34555","targetHints":{"allow":["GET"]}}],"collection":[{"href":"https:\/\/www.turistamagazine.com\/v2\/index.php?rest_route=\/wp\/v2\/posts"}],"about":[{"href":"https:\/\/www.turistamagazine.com\/v2\/index.php?rest_route=\/wp\/v2\/types\/post"}],"author":[{"embeddable":true,"href":"https:\/\/www.turistamagazine.com\/v2\/index.php?rest_route=\/wp\/v2\/users\/1"}],"replies":[{"embeddable":true,"href":"https:\/\/www.turistamagazine.com\/v2\/index.php?rest_route=%2Fwp%2Fv2%2Fcomments&post=34555"}],"version-history":[{"count":1,"href":"https:\/\/www.turistamagazine.com\/v2\/index.php?rest_route=\/wp\/v2\/posts\/34555\/revisions"}],"predecessor-version":[{"id":34557,"href":"https:\/\/www.turistamagazine.com\/v2\/index.php?rest_route=\/wp\/v2\/posts\/34555\/revisions\/34557"}],"wp:featuredmedia":[{"embeddable":true,"href":"https:\/\/www.turistamagazine.com\/v2\/index.php?rest_route=\/wp\/v2\/media\/34556"}],"wp:attachment":[{"href":"https:\/\/www.turistamagazine.com\/v2\/index.php?rest_route=%2Fwp%2Fv2%2Fmedia&parent=34555"}],"wp:term":[{"taxonomy":"category","embeddable":true,"href":"https:\/\/www.turistamagazine.com\/v2\/index.php?rest_route=%2Fwp%2Fv2%2Fcategories&post=34555"},{"taxonomy":"post_tag","embeddable":true,"href":"https:\/\/www.turistamagazine.com\/v2\/index.php?rest_route=%2Fwp%2Fv2%2Ftags&post=34555"}],"curies":[{"name":"wp","href":"https:\/\/api.w.org\/{rel}","templated":true}]}}