{"id":34463,"date":"2018-04-26T13:54:09","date_gmt":"2018-04-26T18:54:09","guid":{"rendered":"http:\/\/www.turistamagazine.com\/v2\/?p=34463"},"modified":"2018-04-26T13:54:09","modified_gmt":"2018-04-26T18:54:09","slug":"medicos-retiraran-piel-sana-de-eyvi-agreda-para-cubrir-partes-quemadas-de-su-cuerpo","status":"publish","type":"post","link":"https:\/\/www.turistamagazine.com\/v2\/?p=34463","title":{"rendered":"M\u00c9DICOS RETIRAR\u00c1N PIEL SANA DE EYVI AGREDA PARA CUBRIR PARTES QUEMADAS DE SU CUERPO"},"content":{"rendered":"<p style=\"text-align: justify;\">26\/04\/2078\/Lima.-Las quemaduras que sufri\u00f3 la joven Eyvi Agreda Marchena, a quien un sujeto le roci\u00f3 gasolina y prendi\u00f3 fuego, han comprometido su cuero cabelludo, rostro, ojos, cuello, t\u00f3rax, abdomen, miembros superiores y gl\u00fateos, lo que constituye el 60 por ciento del cuerpo.<\/p>\n<p style=\"text-align: justify;\">Esta informaci\u00f3n la proporcion\u00f3 hoy el doctor Luis Bromley, gerente de la Red Asistencial Almenara de EsSalud, al explicar que los m\u00e9dicos le retirar\u00e1n el ciento por ciento de la piel y tejido necrosados.<\/p>\n<p style=\"text-align: justify;\"><strong><em><span style=\"color: #000080;\">\u00abVamos a dejar el cuerpo como se dice &#8216;vivo&#8217; y sobre ese m\u00fasculo iremos colocando en lo posible autoinjertos que saldr\u00e1n de sus muslos, piernas y pantorrillas, para procurar una regeneraci\u00f3n de su propio tejido\u00bb<\/span><\/em><\/strong>, explic\u00f3 en \u00abATV\u00bb.<\/p>\n<p style=\"text-align: justify;\">En la medida en que la piel se vaya regenerando, a\u00f1adi\u00f3, se colocar\u00e1n los injertos (piel) definitivos que podr\u00edan o no hacer adherencia en el cuerpo. <em><strong><span style=\"color: #000080;\">\u00abEn caso de adherencia, el pron\u00f3stico de la paciente ser\u00e1 favorable\u00bb.<\/span><\/strong><\/em><\/p>\n<p style=\"text-align: justify;\">Bromley explic\u00f3 que si bien inicialmente se trabajar\u00e1 con su propia piel, luego podr\u00eda apelarse al uso de tecnolog\u00eda de piel artificial, por ejemplo la de cerdo, <em><strong><span style=\"color: #000080;\">\u00abpues, el hospital tiene bastante recurso al respecto\u00bb.<\/span><\/strong><\/em><\/p>\n<p style=\"text-align: justify;\">El m\u00e9dico record\u00f3 que la mujer, de 22 a\u00f1os, sufri\u00f3 quemaduras <em><strong><span style=\"color: #000080;\">\u00abmuy profundas\u00bb<\/span><\/strong><\/em>, la mayor\u00eda de tercer grado, que comprometieron no solo la piel, sino el tejido muscular. Estim\u00f3 que en tres meses empezar\u00eda una rehabilitaci\u00f3n integral de la piel.<\/p>\n<p style=\"text-align: justify;\"><em><strong><span style=\"color: #000080;\">Coment\u00f3 que si bien la joven sufri\u00f3 anoche una complicaci\u00f3n en los ri\u00f1ones, ahora sus funciones renales ya est\u00e1n recuperadas. \u00abEl 30% de pacientes con quemaduras severas muere a las 24 horas, pero ella ha superado ese primer escollo\u00bb.<\/span><\/strong><\/em><\/p>\n<p style=\"text-align: justify;\">\u00abNo presenta trastornos hemodin\u00e1micos, su presi\u00f3n arterial y frecuencia card\u00edaca est\u00e1n controladas, no hay signos de septicemia&#8230;, eso est\u00e1 a su favor. Sin embargo, hay que esperar ahora las 72 horas\u00bb, anot\u00f3.<\/p>\n<p style=\"text-align: justify;\">A\u00fan la v\u00edctima de feminicidio presenta p\u00e9rdida de electrolitos, de fluidos y de sangre. <em><strong><span style=\"color: #000080;\">\u00abSi se estabiliza, hay m\u00e1s expectativa y capacidad para avanzar en la cirug\u00eda de reconstrucci\u00f3n\u00bb.<\/span><\/strong><\/em><\/p>\n<p style=\"text-align: justify;\"><em><strong><span style=\"color: #000080;\">El representante del hospital Guillermo Almenara dijo tambi\u00e9n que es mejor que la paciente se mantenga en estado de inconsciencia, porque si despierta entrar\u00eda en \u00abshock\u00bb debido a que el dolor es muy intenso.<\/span><\/strong><\/em><\/p>\n<p style=\"text-align: justify;\"><strong><em><span style=\"color: #000080;\">Fue un error rociarla con extintor<\/span><\/em><\/strong><\/p>\n<p style=\"text-align: justify;\">Sobre el polvo qu\u00edmico del extintor que le rociaron a la joven tras el ataque con gasolina que sufri\u00f3, Bromley dijo que esto habr\u00eda incrementado un poco las quemaduras en vez de aliviarlas. <em><strong><span style=\"color: #000080;\">\u00abLo mejor hubiese sido cubrirla con una casaca o echarle agua para aliviar la quemadura\u00bb.<\/span><\/strong><\/em> Refiri\u00f3, igualmente, que si bien la joven se mantuvo en pie por alg\u00fan tiempo tras el ataque, esto solo suele durar cinco a diez minutos, porque luego el cuerpo entra en <em><strong><span style=\"color: #000080;\">\u00abshock\u00bb neurog\u00e9nico y posteriormente el intenso dolor la lleva a un estado de inconsciencia.<\/span><\/strong><\/em><\/p>\n","protected":false},"excerpt":{"rendered":"<p>26\/04\/2078\/Lima.-Las quemaduras que sufri\u00f3 la joven Eyvi Agreda Marchena, a quien un sujeto le roci\u00f3 gasolina y prendi\u00f3 fuego, han comprometido su cuero cabelludo, rostro, ojos, cuello, t\u00f3rax, abdomen, miembros superiores y gl\u00fateos, lo que constituye el 60 por ciento del cuerpo. Esta informaci\u00f3n la proporcion\u00f3 hoy el doctor Luis Bromley, gerente de la Red Asistencial Almenara de EsSalud, al explicar que los m\u00e9dicos le retirar\u00e1n el ciento por ciento de la piel y tejido necrosados. \u00abVamos a dejar el cuerpo como se dice &#8216;vivo&#8217; y sobre ese m\u00fasculo iremos colocando en lo posible autoinjertos que saldr\u00e1n de sus muslos,&#8230;<\/p>\n","protected":false},"author":1,"featured_media":34464,"comment_status":"open","ping_status":"open","sticky":false,"template":"","format":"standard","meta":{"footnotes":""},"categories":[4,82],"tags":[99,7976,7977,6132,749],"class_list":["post-34463","post","type-post","status-publish","format-standard","has-post-thumbnail","hentry","category-breaking-news","category-nacionales","tag-elenita-villar","tag-eyvi-agreda-marchena","tag-mujer-quemada-viva","tag-portal-de-noticias-turistamagazine","tag-turistamagazine"],"_links":{"self":[{"href":"https:\/\/www.turistamagazine.com\/v2\/index.php?rest_route=\/wp\/v2\/posts\/34463","targetHints":{"allow":["GET"]}}],"collection":[{"href":"https:\/\/www.turistamagazine.com\/v2\/index.php?rest_route=\/wp\/v2\/posts"}],"about":[{"href":"https:\/\/www.turistamagazine.com\/v2\/index.php?rest_route=\/wp\/v2\/types\/post"}],"author":[{"embeddable":true,"href":"https:\/\/www.turistamagazine.com\/v2\/index.php?rest_route=\/wp\/v2\/users\/1"}],"replies":[{"embeddable":true,"href":"https:\/\/www.turistamagazine.com\/v2\/index.php?rest_route=%2Fwp%2Fv2%2Fcomments&post=34463"}],"version-history":[{"count":1,"href":"https:\/\/www.turistamagazine.com\/v2\/index.php?rest_route=\/wp\/v2\/posts\/34463\/revisions"}],"predecessor-version":[{"id":34465,"href":"https:\/\/www.turistamagazine.com\/v2\/index.php?rest_route=\/wp\/v2\/posts\/34463\/revisions\/34465"}],"wp:featuredmedia":[{"embeddable":true,"href":"https:\/\/www.turistamagazine.com\/v2\/index.php?rest_route=\/wp\/v2\/media\/34464"}],"wp:attachment":[{"href":"https:\/\/www.turistamagazine.com\/v2\/index.php?rest_route=%2Fwp%2Fv2%2Fmedia&parent=34463"}],"wp:term":[{"taxonomy":"category","embeddable":true,"href":"https:\/\/www.turistamagazine.com\/v2\/index.php?rest_route=%2Fwp%2Fv2%2Fcategories&post=34463"},{"taxonomy":"post_tag","embeddable":true,"href":"https:\/\/www.turistamagazine.com\/v2\/index.php?rest_route=%2Fwp%2Fv2%2Ftags&post=34463"}],"curies":[{"name":"wp","href":"https:\/\/api.w.org\/{rel}","templated":true}]}}