{"id":34419,"date":"2018-04-24T11:25:31","date_gmt":"2018-04-24T16:25:31","guid":{"rendered":"http:\/\/www.turistamagazine.com\/v2\/?p=34419"},"modified":"2018-04-24T11:25:56","modified_gmt":"2018-04-24T16:25:56","slug":"air-europa-anuncia-al-presidente-mauricio-macri-que-hara-vuelos-directos-entre-iguazu-y-madrid","status":"publish","type":"post","link":"https:\/\/www.turistamagazine.com\/v2\/?p=34419","title":{"rendered":"AIR EUROPA ANUNCIA AL PRESIDENTE MAURICIO MACRI QUE HAR\u00c1 VUELOS DIRECTOS ENTRE IGUAZ\u00da Y MADRID"},"content":{"rendered":"<p style=\"text-align: justify;\">24\/04\/2018\/ Buenos Aires.- Globalia anunci\u00f3 en Buenos Aires al presidente argentino, Mauricio Macri, que Air Europa realizar\u00e1 vuelos directos entre la ciudad de Iguaz\u00fa y Madrid.<\/p>\n<p style=\"text-align: justify;\"><strong><em><span style=\"color: #000080;\">El anuncio fue comunicado por el consejero delegado de Globalia, Javier Hidalgo, y la directora general de Air Europa, Mar\u00eda Jos\u00e9 Hidalgo, en una audiencia Macri.<\/span><\/em><\/strong><\/p>\n<p style=\"text-align: justify;\">Javier Hidalgo comunic\u00f3 que podr\u00edan iniciarse antes de finales de a\u00f1o, con dos frecuencias semanales, que a trav\u00e9s de Be Live gestonionar\u00e1 dos hoteles de cinco estrellas en Iguaz\u00fa.<\/p>\n<p style=\"text-align: justify;\">Los vuelos que conectar\u00e1n la capital espa\u00f1ola con la ciudad argentina m\u00e1s cercana a las Cataratas de Iguaz\u00fa podr\u00edan iniciarse antes de finales de a\u00f1o, con dos frecuencias semanales, y tendr\u00e1n conexi\u00f3n con otros 52 destinos europeos. Globalia anticip\u00f3 adem\u00e1s que, a trav\u00e9s de su divisi\u00f3n hotelera, gestionar\u00e1 mediante servicios de <span style=\"color: #000080;\"><strong><em>\u00abm\u00e1xima calidad\u00bb dos establecimientos cinco estrellas de la marca Be Live Hotels en Iguaz\u00fa, con 300 habitaciones entre ambos, que ser\u00e1n operados bajo la modalidad \u00a0todo incluido\u00bb<\/em><\/strong> <\/span>y que demandar\u00e1n una inversi\u00f3n de 80 millones de d\u00f3lares.<\/p>\n<p style=\"text-align: justify;\">Macri recibi\u00f3 a los altos ejecutivos del consorcio espa\u00f1ol en la residencia presidencial de Olivos, audiencia en la que participaron tambi\u00e9n los ministros argentinos de Transporte, Guillermo Dietrich, y de Turismo, Gustavo Santos. Adem\u00e1s, estuvieron presentes el gobernador de la provincia de Misiones (noreste), Hugo Passalacqua, y el senador nacional por esa provincia, Humberto Schiavoni.<\/p>\n","protected":false},"excerpt":{"rendered":"<p>24\/04\/2018\/ Buenos Aires.- Globalia anunci\u00f3 en Buenos Aires al presidente argentino, Mauricio Macri, que Air Europa realizar\u00e1 vuelos directos entre la ciudad de Iguaz\u00fa y Madrid. El anuncio fue comunicado por el consejero delegado de Globalia, Javier Hidalgo, y la directora general de Air Europa, Mar\u00eda Jos\u00e9 Hidalgo, en una audiencia Macri. Javier Hidalgo comunic\u00f3 que podr\u00edan iniciarse antes de finales de a\u00f1o, con dos frecuencias semanales, que a trav\u00e9s de Be Live gestonionar\u00e1 dos hoteles de cinco estrellas en Iguaz\u00fa. Los vuelos que conectar\u00e1n la capital espa\u00f1ola con la ciudad argentina m\u00e1s cercana a las Cataratas de Iguaz\u00fa podr\u00edan&#8230;<\/p>\n","protected":false},"author":1,"featured_media":0,"comment_status":"open","ping_status":"open","sticky":false,"template":"","format":"standard","meta":{"footnotes":""},"categories":[4,84],"tags":[1820,7471,7289,6132,749],"class_list":["post-34419","post","type-post","status-publish","format-standard","hentry","category-breaking-news","category-internacionales","tag-air-europa-estrena-nuevos-destinos","tag-elenita-villar-asesora-de-tesis-en-turismo","tag-javier-hidalgo","tag-portal-de-noticias-turistamagazine","tag-turistamagazine"],"_links":{"self":[{"href":"https:\/\/www.turistamagazine.com\/v2\/index.php?rest_route=\/wp\/v2\/posts\/34419","targetHints":{"allow":["GET"]}}],"collection":[{"href":"https:\/\/www.turistamagazine.com\/v2\/index.php?rest_route=\/wp\/v2\/posts"}],"about":[{"href":"https:\/\/www.turistamagazine.com\/v2\/index.php?rest_route=\/wp\/v2\/types\/post"}],"author":[{"embeddable":true,"href":"https:\/\/www.turistamagazine.com\/v2\/index.php?rest_route=\/wp\/v2\/users\/1"}],"replies":[{"embeddable":true,"href":"https:\/\/www.turistamagazine.com\/v2\/index.php?rest_route=%2Fwp%2Fv2%2Fcomments&post=34419"}],"version-history":[{"count":2,"href":"https:\/\/www.turistamagazine.com\/v2\/index.php?rest_route=\/wp\/v2\/posts\/34419\/revisions"}],"predecessor-version":[{"id":34421,"href":"https:\/\/www.turistamagazine.com\/v2\/index.php?rest_route=\/wp\/v2\/posts\/34419\/revisions\/34421"}],"wp:attachment":[{"href":"https:\/\/www.turistamagazine.com\/v2\/index.php?rest_route=%2Fwp%2Fv2%2Fmedia&parent=34419"}],"wp:term":[{"taxonomy":"category","embeddable":true,"href":"https:\/\/www.turistamagazine.com\/v2\/index.php?rest_route=%2Fwp%2Fv2%2Fcategories&post=34419"},{"taxonomy":"post_tag","embeddable":true,"href":"https:\/\/www.turistamagazine.com\/v2\/index.php?rest_route=%2Fwp%2Fv2%2Ftags&post=34419"}],"curies":[{"name":"wp","href":"https:\/\/api.w.org\/{rel}","templated":true}]}}