{"id":34342,"date":"2018-04-20T19:53:04","date_gmt":"2018-04-21T00:53:04","guid":{"rendered":"http:\/\/www.turistamagazine.com\/v2\/?p=34342"},"modified":"2018-04-20T19:53:04","modified_gmt":"2018-04-21T00:53:04","slug":"apotur-y-su-nueva-presidente-heddy-espinoza","status":"publish","type":"post","link":"https:\/\/www.turistamagazine.com\/v2\/?p=34342","title":{"rendered":"APOTUR\u00a0 Y SU NUEVA\u00a0 PRESIDENTE HEDDY ESPINOZA"},"content":{"rendered":"<p style=\"text-align: justify;\">20\/04\/ 2018\/Lima.- <em><strong><span style=\"color: #000080;\">Heddy Espinoza se convirti\u00f3 en presidente de la Asociaci\u00f3n Peruana de Operadores de Turismo Receptivo e Interno (APOTUR) desde el presente a\u00f1o hasta el 2020 y ejercer\u00e1 tal cargo por tercera vez. Anteriormente, ejerci\u00f3 la presidencia de APOTUR en los per\u00edodos 2010 \u2013 2012 y 2012 \u2013 2014.<\/span><\/strong><\/em><\/p>\n<p style=\"text-align: justify;\">La nueva junta directiva presidida por Espinoza est\u00e1 compuesta como vicepresidente, V\u00edctor Tamashiro; Tesorera, Farah Choy; y como directores: Margarita Revilla, Marco Bustamante, Javier Qui\u00f1ones y Claudia Ram\u00edrez.<\/p>\n<p style=\"text-align: justify;\">Heddy Espinoza sucede en el cargo a Enrique Qui\u00f1ones, quien\u00a0 por dos per\u00edodos consecutivos ejerci\u00f3 la presidencia de APOTUR (2014 \u2013 2016 y 2016 \u2013 2018).<\/p>\n<p style=\"text-align: justify;\"><strong><em>\u00a0<span style=\"color: #000080;\">Problem\u00e1tica en el sector<\/span><\/em><\/strong><\/p>\n<p style=\"text-align: justify;\">En sus primeras declaraciones, la nueva titular de APOTUR adelant\u00f3 que solicitar\u00e1 una audiencia con el ministro de Comercio Exterior y Turismo (Mincetur), Rogers Valencia a fin de informarle el actual panorama de la actividad tur\u00edstica.<\/p>\n<p style=\"text-align: justify;\">Sobre el particular, expres\u00f3 su preocupaci\u00f3n por las recientes declaraciones formuladas por el Presidente del Consejo de Ministros, C\u00e9sar Villanueva Ar\u00e9valo en que se revisar\u00e1n todas las exoneraciones emitidas en los diferentes sectores y que el turismo se encuentra incluido.<\/p>\n<p style=\"text-align: justify;\">Al respecto sostuvo que se debe informar a los representantes del Ministerio de Econom\u00eda y Finanzas (MEF), como se desarrolla la actividad tur\u00edstica y especialmente en lo referente a las exoneraciones.<\/p>\n<p style=\"text-align: justify;\"><strong><em>\u00a0<span style=\"color: #000080;\">\u201cTenemos que informarle cual es el negocio nuestro, como revierte esto y no es simplemente pedirle exoneraciones porque me voy a llevar (dinero) a los bolsillos. Eso (exoneraciones) se traslada al cliente y se revierte en una mayor cantidad de visitantes<\/span><\/em><\/strong><span style=\"color: #000080;\">\u201d<\/span>, argument\u00f3.<\/p>\n<p style=\"text-align: justify;\">Agreg\u00f3 que viajar al Per\u00fa <span style=\"color: #000080;\"><strong><em>\u201ces caro\u201d<\/em><\/strong> <\/span>por la distancia y la poca conectividad.<\/p>\n<p style=\"text-align: justify;\">\u00a0Se\u00f1al\u00f3 que se tiene que invertir de manera conjunta y no por separado. <span style=\"color: #000080;\">\u201c<strong><em>Si veo que el sector privado invierte en hoteles lindos, el gobierno tiene que invertir en infraestructura b\u00e1sica, como por ejemplo, en los aeropuertos en el interior del pa\u00eds\u201d<\/em><\/strong>,<\/span> plante\u00f3.<\/p>\n<p style=\"text-align: justify;\">\u00a0Espinoza manifest\u00f3 que es una gran oportunidad que se tiene con el nuevo titular del Mincetur para realizar, en conjunto, un verdadero desarrollo de la actividad tur\u00edstica en nuestro pa\u00eds. <strong><em>\u201c<span style=\"color: #000080;\">Es una persona del sector, ha sido un operador y ha difundido nuestro pa\u00eds en diferentes foros y ahora es la oportunidad que se tiene de un respaldo legal de promocionar el Per\u00fa, o sea, la legislaci\u00f3n para el turismo y no dar marchas y contramarchas<\/span><\/em><\/strong><span style=\"color: #000080;\">\u201d,<\/span> expreso Heddy Espinoza.<\/p>\n<p style=\"text-align: justify;\"><span style=\"color: #000080;\"><strong><em>\u00a0Unir Ministerio de Turismo con Ministerio de Cultura<\/em><\/strong><\/span><\/p>\n<p style=\"text-align: justify;\">\u00a0Al ser consultada sobre su posici\u00f3n en torno a una hipot\u00e9tica creaci\u00f3n del Ministerio de Turismo, dijo que \u00e9ste se debe unir con el Ministerio de Cultura, teniendo en cuenta que todo nuestro patrimonio lo maneja dicha cartera ministerial.<\/p>\n<p style=\"text-align: justify;\">\u00a0En la actualidad, afirm\u00f3 tajantemente que no hay una comuni\u00f3n entre ambos ministerios y los m\u00e1s perjudicados son los turistas nacionales y extranjeros, as\u00ed como el sector privado.<\/p>\n<p style=\"text-align: justify;\"><span style=\"color: #000080;\">\u00a0\u201c<strong><em>No podemos estar divorciados. A veces, tenemos un ministro de cultura y no funciona el de Turismo; y viceversa. Esos dos (ministerios) tienen que ir de la mano, porque lo que vendemos es cultura y arqueolog\u00eda. Tienen que caminar como siameses<\/em><\/strong>\u201d,<\/span> finaliz\u00f3.<\/p>\n<p>&nbsp;<\/p>\n<p>&nbsp;<\/p>\n","protected":false},"excerpt":{"rendered":"<p>20\/04\/ 2018\/Lima.- Heddy Espinoza se convirti\u00f3 en presidente de la Asociaci\u00f3n Peruana de Operadores de Turismo Receptivo e Interno (APOTUR) desde el presente a\u00f1o hasta el 2020 y ejercer\u00e1 tal cargo por tercera vez. Anteriormente, ejerci\u00f3 la presidencia de APOTUR en los per\u00edodos 2010 \u2013 2012 y 2012 \u2013 2014. La nueva junta directiva presidida por Espinoza est\u00e1 compuesta como vicepresidente, V\u00edctor Tamashiro; Tesorera, Farah Choy; y como directores: Margarita Revilla, Marco Bustamante, Javier Qui\u00f1ones y Claudia Ram\u00edrez. Heddy Espinoza sucede en el cargo a Enrique Qui\u00f1ones, quien\u00a0 por dos per\u00edodos consecutivos ejerci\u00f3 la presidencia de APOTUR (2014 \u2013 2016&#8230;<\/p>\n","protected":false},"author":1,"featured_media":0,"comment_status":"open","ping_status":"open","sticky":false,"template":"","format":"standard","meta":{"footnotes":""},"categories":[4,82],"tags":[1065,99,6805,7964,6132,749,5078],"class_list":["post-34342","post","type-post","status-publish","format-standard","hentry","category-breaking-news","category-nacionales","tag-apotur","tag-elenita-villar","tag-feinpretudi","tag-heddy-espinoza","tag-portal-de-noticias-turistamagazine","tag-turistamagazine","tag-ver-todos"],"_links":{"self":[{"href":"https:\/\/www.turistamagazine.com\/v2\/index.php?rest_route=\/wp\/v2\/posts\/34342","targetHints":{"allow":["GET"]}}],"collection":[{"href":"https:\/\/www.turistamagazine.com\/v2\/index.php?rest_route=\/wp\/v2\/posts"}],"about":[{"href":"https:\/\/www.turistamagazine.com\/v2\/index.php?rest_route=\/wp\/v2\/types\/post"}],"author":[{"embeddable":true,"href":"https:\/\/www.turistamagazine.com\/v2\/index.php?rest_route=\/wp\/v2\/users\/1"}],"replies":[{"embeddable":true,"href":"https:\/\/www.turistamagazine.com\/v2\/index.php?rest_route=%2Fwp%2Fv2%2Fcomments&post=34342"}],"version-history":[{"count":1,"href":"https:\/\/www.turistamagazine.com\/v2\/index.php?rest_route=\/wp\/v2\/posts\/34342\/revisions"}],"predecessor-version":[{"id":34344,"href":"https:\/\/www.turistamagazine.com\/v2\/index.php?rest_route=\/wp\/v2\/posts\/34342\/revisions\/34344"}],"wp:attachment":[{"href":"https:\/\/www.turistamagazine.com\/v2\/index.php?rest_route=%2Fwp%2Fv2%2Fmedia&parent=34342"}],"wp:term":[{"taxonomy":"category","embeddable":true,"href":"https:\/\/www.turistamagazine.com\/v2\/index.php?rest_route=%2Fwp%2Fv2%2Fcategories&post=34342"},{"taxonomy":"post_tag","embeddable":true,"href":"https:\/\/www.turistamagazine.com\/v2\/index.php?rest_route=%2Fwp%2Fv2%2Ftags&post=34342"}],"curies":[{"name":"wp","href":"https:\/\/api.w.org\/{rel}","templated":true}]}}