{"id":34292,"date":"2018-04-16T21:26:00","date_gmt":"2018-04-17T02:26:00","guid":{"rendered":"http:\/\/www.turistamagazine.com\/v2\/?p=34292"},"modified":"2018-04-17T09:50:36","modified_gmt":"2018-04-17T14:50:36","slug":"muy-acertada-la-ratificacion-de-marisol-acosta-como-directora-de-turismo-de-promperu-por-el-ministro-roger-valencia","status":"publish","type":"post","link":"https:\/\/www.turistamagazine.com\/v2\/?p=34292","title":{"rendered":"MUY ACERTADA LA RATIFICACI\u00d3N DE MARISOL ACOSTA COMO DIRECTORA DE \u00a0TURISMO DE PROMPER\u00da POR EL MINISTRO ROGERS VALENCIA"},"content":{"rendered":"<p style=\"text-align: justify;\">16 \/04\/2018\/ Lima.- El ministro de Comercio Exterior y Turismo, Rogers Valencia, ratific\u00f3 a Mar\u00eda Soledad Acosta como directora de Promoci\u00f3n del Turismo de PromPer\u00fa, cargo que ocupa desde el a\u00f1o 2014.<\/p>\n<p style=\"text-align: justify;\">De esta forma se continua con la puesta en marcha de toda \u00a0la planificaci\u00f3n \u00a0de trabajo que ven\u00eda desarrollando Marisol Acosta\u00a0 que a todas luces \u00a0est\u00e1 dando muy buenos resultados y \u00a0de lo \u00a0\u00a0que el Ministro Roger Valencia gran conocedor del sector \u00a0comprende, que siempre hemos preconizado la continuidad en los planes de desarrollo, no importan que los dirigentes cambien, lo importante es que se contin\u00faen con las pol\u00edticas de trabajo establecidas que est\u00e9n dando buenos resultados.<\/p>\n<p style=\"text-align: justify;\"><strong><em><span style=\"color: #003366;\">Promperu bajo la direcci\u00f3n de Marisol Acosta\u00a0 y su equipo ha realizado un \u00a0buen trabajo de Promoci\u00f3n para posicionar a nuestro pa\u00eds en las diferentes modalidades de turismo que el Per\u00fa puede ofrecer<\/span><\/em><\/strong>.<\/p>\n<p style=\"text-align: justify;\">Bien por Marisol y su equipo a continuar trabajando y bien por Roger Valencia el actual Ministro de Comercio Exterior y Turismo, que si va a saber rodearse de profesionales competentes\u2026<\/p>\n<p style=\"text-align: justify;\">Confiamos \u00a0que el nuevo Viceministro de Turismo cubra las expectativas que la actividad econ\u00f3mica que es el turismo necesita\u2026 Esperemos que as\u00ed sea\u2026<\/p>\n","protected":false},"excerpt":{"rendered":"<p>16 \/04\/2018\/ Lima.- El ministro de Comercio Exterior y Turismo, Rogers Valencia, ratific\u00f3 a Mar\u00eda Soledad Acosta como directora de Promoci\u00f3n del Turismo de PromPer\u00fa, cargo que ocupa desde el a\u00f1o 2014. De esta forma se continua con la puesta en marcha de toda \u00a0la planificaci\u00f3n \u00a0de trabajo que ven\u00eda desarrollando Marisol Acosta\u00a0 que a todas luces \u00a0est\u00e1 dando muy buenos resultados y \u00a0de lo \u00a0\u00a0que el Ministro Roger Valencia gran conocedor del sector \u00a0comprende, que siempre hemos preconizado la continuidad en los planes de desarrollo, no importan que los dirigentes cambien, lo importante es que se contin\u00faen con las&#8230;<\/p>\n","protected":false},"author":1,"featured_media":0,"comment_status":"open","ping_status":"open","sticky":false,"template":"","format":"standard","meta":{"footnotes":""},"categories":[4,82],"tags":[7471,6805,7706,6132,117,749],"class_list":["post-34292","post","type-post","status-publish","format-standard","hentry","category-breaking-news","category-nacionales","tag-elenita-villar-asesora-de-tesis-en-turismo","tag-feinpretudi","tag-marisol-acosta","tag-portal-de-noticias-turistamagazine","tag-promocion-turistica","tag-turistamagazine"],"_links":{"self":[{"href":"https:\/\/www.turistamagazine.com\/v2\/index.php?rest_route=\/wp\/v2\/posts\/34292","targetHints":{"allow":["GET"]}}],"collection":[{"href":"https:\/\/www.turistamagazine.com\/v2\/index.php?rest_route=\/wp\/v2\/posts"}],"about":[{"href":"https:\/\/www.turistamagazine.com\/v2\/index.php?rest_route=\/wp\/v2\/types\/post"}],"author":[{"embeddable":true,"href":"https:\/\/www.turistamagazine.com\/v2\/index.php?rest_route=\/wp\/v2\/users\/1"}],"replies":[{"embeddable":true,"href":"https:\/\/www.turistamagazine.com\/v2\/index.php?rest_route=%2Fwp%2Fv2%2Fcomments&post=34292"}],"version-history":[{"count":4,"href":"https:\/\/www.turistamagazine.com\/v2\/index.php?rest_route=\/wp\/v2\/posts\/34292\/revisions"}],"predecessor-version":[{"id":34300,"href":"https:\/\/www.turistamagazine.com\/v2\/index.php?rest_route=\/wp\/v2\/posts\/34292\/revisions\/34300"}],"wp:attachment":[{"href":"https:\/\/www.turistamagazine.com\/v2\/index.php?rest_route=%2Fwp%2Fv2%2Fmedia&parent=34292"}],"wp:term":[{"taxonomy":"category","embeddable":true,"href":"https:\/\/www.turistamagazine.com\/v2\/index.php?rest_route=%2Fwp%2Fv2%2Fcategories&post=34292"},{"taxonomy":"post_tag","embeddable":true,"href":"https:\/\/www.turistamagazine.com\/v2\/index.php?rest_route=%2Fwp%2Fv2%2Ftags&post=34292"}],"curies":[{"name":"wp","href":"https:\/\/api.w.org\/{rel}","templated":true}]}}