{"id":34203,"date":"2018-04-10T11:52:28","date_gmt":"2018-04-10T16:52:28","guid":{"rendered":"http:\/\/www.turistamagazine.com\/v2\/?p=34203"},"modified":"2018-04-10T11:52:28","modified_gmt":"2018-04-10T16:52:28","slug":"mincetur-mango-de-casma-llegara-a-mercados-internacionales-con-el-nombre-quechua-puquymi","status":"publish","type":"post","link":"https:\/\/www.turistamagazine.com\/v2\/?p=34203","title":{"rendered":"MINCETUR: MANGO DE CASMA LLEGAR\u00c1 A MERCADOS INTERNACIONALES CON EL NOMBRE QUECHUA \u201cPUQUYMI\u201d"},"content":{"rendered":"<p style=\"text-align: justify;\">10\/04\/2018\/Lima.- El Ministerio de Comercio Exterior y Turismo (Mincetur) entreg\u00f3 a la Asociaci\u00f3n de Agricultores de Casma, conformada por 89 productores de mango de esta provincia de la regi\u00f3n \u00c1ncash, la marca colectiva \u201cPuquymi\u201d, a trav\u00e9s de la cual podr\u00e1n ingresar y competir en los m\u00e1s exigentes mercados internacionales.<\/p>\n<p style=\"text-align: justify;\">\u201cPuquymi\u201d es una palabra quechua, donde PUQUY significa \u201cFruta en su punto que da en el mes de Febrero\u201d, se agreg\u00f3 la ap\u00f3cope \u2013 MI, de Miski, que significa dulce, agradable.<\/p>\n<p style=\"text-align: justify;\">El ministro de Comercio Exterior y Turismo, Roger Valencia, se\u00f1al\u00f3 que esta marca fue desarrollada con apoyo del Viceministerio de Comercio Exterior luego de identificar la necesidad de generar un signo distintivo para fortalecer el posicionamiento y las exportaciones del mango de Casma.<\/p>\n<p style=\"text-align: justify;\">\u201cGracias a esta iniciativa, 89 productores exportar\u00e1n mango casme\u00f1o con marca propia debidamente registrada, posicionando la calidad y procedencia de este fruto en el mercado internacional\u201d, indic\u00f3 el ministro.<\/p>\n<p style=\"text-align: justify;\">El titular del Mincetur destac\u00f3 que en el valle de Casma existen aproximadamente unas 1,700 hect\u00e1reas dedicadas a la producci\u00f3n de mango de la variedad kent, cultivado por alrededor de 300 productores, cuya cosecha, por razones clim\u00e1ticas de la zona, es la m\u00e1s tard\u00eda del pa\u00eds, aprovechando de esta manera una ventana comercial diferenciada en los Estados Unidos.<\/p>\n<p style=\"text-align: justify;\">Como se sabe, \u00c1ncash es una de las regiones que produce esta variedad de mango en el Per\u00fa, fruto con atributos propios que lo diferencia de otros por la mayor concentraci\u00f3n de s\u00f3lidos solubles en la pulpa.<\/p>\n<p style=\"text-align: justify;\">En ese sentido, el ministro Roger Valencia a\u00f1adi\u00f3 que el pr\u00f3ximo reto a cumplir ser\u00e1 lograr el posicionamiento de esta marca en el mercado internacional, contribuyendo as\u00ed a los objetivos planteados en el Plan Estrat\u00e9gico Nacional Exportador (PENX 2025).<\/p>\n<p style=\"text-align: justify;\"><strong><span style=\"color: #000080;\">SOBRE PUQUYMI<\/span><\/strong><\/p>\n<p style=\"text-align: justify;\">La marca \u201cPuquymi\u201d fue registrado en el Instituto Nacional de Defensa de la Competencia y de la Protecci\u00f3n de la Propiedad Intelectual (Indecopi) mediante Resoluci\u00f3n N\u00b0 26837-2017\/DSD-Indecopi, el pasado 11 de diciembre, para diferenciar el mango en conserva, del congelado, seco y cocido, frutas en conserva, congeladas, seca y cocidas, as\u00ed de pulpa de frutas.<\/p>\n<p style=\"text-align: justify;\">\u00a0Es importante mencionar que el registro de esta marca colectiva se realiz\u00f3 a favor de la Asociaci\u00f3n de Agricultores de Casma.<\/p>\n","protected":false},"excerpt":{"rendered":"<p>10\/04\/2018\/Lima.- El Ministerio de Comercio Exterior y Turismo (Mincetur) entreg\u00f3 a la Asociaci\u00f3n de Agricultores de Casma, conformada por 89 productores de mango de esta provincia de la regi\u00f3n \u00c1ncash, la marca colectiva \u201cPuquymi\u201d, a trav\u00e9s de la cual podr\u00e1n ingresar y competir en los m\u00e1s exigentes mercados internacionales. \u201cPuquymi\u201d es una palabra quechua, donde PUQUY significa \u201cFruta en su punto que da en el mes de Febrero\u201d, se agreg\u00f3 la ap\u00f3cope \u2013 MI, de Miski, que significa dulce, agradable. El ministro de Comercio Exterior y Turismo, Roger Valencia, se\u00f1al\u00f3 que esta marca fue desarrollada con apoyo del Viceministerio de&#8230;<\/p>\n","protected":false},"author":1,"featured_media":34204,"comment_status":"open","ping_status":"open","sticky":false,"template":"","format":"standard","meta":{"footnotes":""},"categories":[4,82],"tags":[6132,749],"class_list":["post-34203","post","type-post","status-publish","format-standard","has-post-thumbnail","hentry","category-breaking-news","category-nacionales","tag-portal-de-noticias-turistamagazine","tag-turistamagazine"],"_links":{"self":[{"href":"https:\/\/www.turistamagazine.com\/v2\/index.php?rest_route=\/wp\/v2\/posts\/34203","targetHints":{"allow":["GET"]}}],"collection":[{"href":"https:\/\/www.turistamagazine.com\/v2\/index.php?rest_route=\/wp\/v2\/posts"}],"about":[{"href":"https:\/\/www.turistamagazine.com\/v2\/index.php?rest_route=\/wp\/v2\/types\/post"}],"author":[{"embeddable":true,"href":"https:\/\/www.turistamagazine.com\/v2\/index.php?rest_route=\/wp\/v2\/users\/1"}],"replies":[{"embeddable":true,"href":"https:\/\/www.turistamagazine.com\/v2\/index.php?rest_route=%2Fwp%2Fv2%2Fcomments&post=34203"}],"version-history":[{"count":1,"href":"https:\/\/www.turistamagazine.com\/v2\/index.php?rest_route=\/wp\/v2\/posts\/34203\/revisions"}],"predecessor-version":[{"id":34205,"href":"https:\/\/www.turistamagazine.com\/v2\/index.php?rest_route=\/wp\/v2\/posts\/34203\/revisions\/34205"}],"wp:featuredmedia":[{"embeddable":true,"href":"https:\/\/www.turistamagazine.com\/v2\/index.php?rest_route=\/wp\/v2\/media\/34204"}],"wp:attachment":[{"href":"https:\/\/www.turistamagazine.com\/v2\/index.php?rest_route=%2Fwp%2Fv2%2Fmedia&parent=34203"}],"wp:term":[{"taxonomy":"category","embeddable":true,"href":"https:\/\/www.turistamagazine.com\/v2\/index.php?rest_route=%2Fwp%2Fv2%2Fcategories&post=34203"},{"taxonomy":"post_tag","embeddable":true,"href":"https:\/\/www.turistamagazine.com\/v2\/index.php?rest_route=%2Fwp%2Fv2%2Ftags&post=34203"}],"curies":[{"name":"wp","href":"https:\/\/api.w.org\/{rel}","templated":true}]}}