{"id":34131,"date":"2018-04-06T11:20:47","date_gmt":"2018-04-06T16:20:47","guid":{"rendered":"http:\/\/www.turistamagazine.com\/v2\/?p=34131"},"modified":"2018-04-06T11:20:47","modified_gmt":"2018-04-06T16:20:47","slug":"la-reina-sofia-quita-hierro-al-desencuentro-con-la-reina-letizia","status":"publish","type":"post","link":"https:\/\/www.turistamagazine.com\/v2\/?p=34131","title":{"rendered":"LA REINA SOF\u00cdA QUITA HIERRO AL DESENCUENTRO CON LA REINA LETIZIA"},"content":{"rendered":"<p style=\"text-align: justify;\">06\/04\/2018\/ Espa\u00f1a.-Desolaci\u00f3n y preocupaci\u00f3n. Ese era ayer el estado de \u00e1nimo de la reina Letizia tras comprobar la repercusi\u00f3n de un v\u00eddeo captado el pasado domingo, a las puertas de la catedral de Palma, en el que se la ve dificultando que la reina Sof\u00eda, como era su deseo, se hiciera unas fotos con sus nietas, Leonor y Sof\u00eda. Aunque la Zarzuela guarda un prudente silencio \u00fanicamente roto por la consideraci\u00f3n de que se trataba de un <span style=\"color: #000080;\"><strong><em>\u201cepisodio privado en el marco de un acto p\u00fablico\u201d<\/em><\/strong>,<\/span> algunas personas del entorno de la reina Letizia salieron ayer en su defensa alegando que actu\u00f3 como madre para preservar la imagen de sus hijas.<\/p>\n<p style=\"text-align: justify;\">\u00a0Fue un mal momento, un malentendido entre las dos reinas que dur\u00f3 apenas un minuto, y fue corregido ya que, a la salida, la reina Sof\u00eda acab\u00f3 haci\u00e9ndose una foto junto a Leonor y Sof\u00eda pero, esta vez, bajo la supervisi\u00f3n de la reina Letizia. Las im\u00e1genes de la escena, repetidas hasta la saciedad a trav\u00e9s de las redes sociales, provocaron un alud de cr\u00edticas hacia la reina Letizia al entenderse que hab\u00eda enmendado la plana a la reina Sof\u00eda. El t\u00edpico desencuentro entre suegra y nuera que, en este caso, tiene especial trascendencia y que, de alguna manera, ha decantado a buena parte de la opini\u00f3n p\u00fablica hacia la reina Sof\u00eda, cuya popularidad y aceptaci\u00f3n siempre han superado a las de la reina Letizia.<\/p>\n<p style=\"text-align: justify;\">Y ha sido la repercusi\u00f3n social, y la deducci\u00f3n de que existe una mala relaci\u00f3n entre las dos reinas, tras la repetida emisi\u00f3n del v\u00eddeo en las televisiones y la reproducci\u00f3n no s\u00f3lo en redes sociales sino tambi\u00e9n en las ediciones digitales de los principales medios de comunicaci\u00f3n, la raz\u00f3n de la <span style=\"color: #000080;\"><strong><em>\u201cdesolaci\u00f3n y preocupaci\u00f3n\u201d<\/em><\/strong><\/span> de la reina Letizia, cuyo entorno de amistades considera, adem\u00e1s, que no se la mide con el mismo rasero que a la reina Sof\u00eda.<\/p>\n<p style=\"text-align: justify;\">Tambi\u00e9n la madre del Rey, la reina Sof\u00eda, est\u00e1 preocupada por las cr\u00edticas a su nuera y, de alguna manera, siempre conciliadora, ha intentado quitar hierro al asunto, reduci\u00e9ndolo a mera an\u00e9cdota.<\/p>\n<p style=\"text-align: justify;\">MARI\u00c1NGEL ALC\u00c1ZAR, Barcelona\/ La Vanguardia<\/p>\n","protected":false},"excerpt":{"rendered":"<p>06\/04\/2018\/ Espa\u00f1a.-Desolaci\u00f3n y preocupaci\u00f3n. Ese era ayer el estado de \u00e1nimo de la reina Letizia tras comprobar la repercusi\u00f3n de un v\u00eddeo captado el pasado domingo, a las puertas de la catedral de Palma, en el que se la ve dificultando que la reina Sof\u00eda, como era su deseo, se hiciera unas fotos con sus nietas, Leonor y Sof\u00eda. Aunque la Zarzuela guarda un prudente silencio \u00fanicamente roto por la consideraci\u00f3n de que se trataba de un \u201cepisodio privado en el marco de un acto p\u00fablico\u201d, algunas personas del entorno de la reina Letizia salieron ayer en su defensa alegando&#8230;<\/p>\n","protected":false},"author":1,"featured_media":34132,"comment_status":"open","ping_status":"open","sticky":false,"template":"","format":"standard","meta":{"footnotes":""},"categories":[4,84],"tags":[1812,6132,2010,749],"class_list":["post-34131","post","type-post","status-publish","format-standard","has-post-thumbnail","hentry","category-breaking-news","category-internacionales","tag-leticia-reina-de-espana","tag-portal-de-noticias-turistamagazine","tag-rey-felipe-vi","tag-turistamagazine"],"_links":{"self":[{"href":"https:\/\/www.turistamagazine.com\/v2\/index.php?rest_route=\/wp\/v2\/posts\/34131","targetHints":{"allow":["GET"]}}],"collection":[{"href":"https:\/\/www.turistamagazine.com\/v2\/index.php?rest_route=\/wp\/v2\/posts"}],"about":[{"href":"https:\/\/www.turistamagazine.com\/v2\/index.php?rest_route=\/wp\/v2\/types\/post"}],"author":[{"embeddable":true,"href":"https:\/\/www.turistamagazine.com\/v2\/index.php?rest_route=\/wp\/v2\/users\/1"}],"replies":[{"embeddable":true,"href":"https:\/\/www.turistamagazine.com\/v2\/index.php?rest_route=%2Fwp%2Fv2%2Fcomments&post=34131"}],"version-history":[{"count":1,"href":"https:\/\/www.turistamagazine.com\/v2\/index.php?rest_route=\/wp\/v2\/posts\/34131\/revisions"}],"predecessor-version":[{"id":34133,"href":"https:\/\/www.turistamagazine.com\/v2\/index.php?rest_route=\/wp\/v2\/posts\/34131\/revisions\/34133"}],"wp:featuredmedia":[{"embeddable":true,"href":"https:\/\/www.turistamagazine.com\/v2\/index.php?rest_route=\/wp\/v2\/media\/34132"}],"wp:attachment":[{"href":"https:\/\/www.turistamagazine.com\/v2\/index.php?rest_route=%2Fwp%2Fv2%2Fmedia&parent=34131"}],"wp:term":[{"taxonomy":"category","embeddable":true,"href":"https:\/\/www.turistamagazine.com\/v2\/index.php?rest_route=%2Fwp%2Fv2%2Fcategories&post=34131"},{"taxonomy":"post_tag","embeddable":true,"href":"https:\/\/www.turistamagazine.com\/v2\/index.php?rest_route=%2Fwp%2Fv2%2Ftags&post=34131"}],"curies":[{"name":"wp","href":"https:\/\/api.w.org\/{rel}","templated":true}]}}