{"id":34102,"date":"2018-04-05T16:57:33","date_gmt":"2018-04-05T21:57:33","guid":{"rendered":"http:\/\/www.turistamagazine.com\/v2\/?p=34102"},"modified":"2018-04-05T16:57:33","modified_gmt":"2018-04-05T21:57:33","slug":"el-juez-sergio-moro-envia-a-prision-a-lula-da-silva","status":"publish","type":"post","link":"https:\/\/www.turistamagazine.com\/v2\/?p=34102","title":{"rendered":"EL JUEZ SERGIO MORO ENV\u00cdA A PRISI\u00d3N\u00a0 A LULA DA SILVA"},"content":{"rendered":"<p style=\"text-align: justify;\">05\/04\/2018\/ Brasil.- El juez federal Sergio Moro decret\u00f3 este jueves la prisi\u00f3n del expresidente brasile\u00f1o Luiz In\u00e1cio Lula da Silva, condenado a 12 a\u00f1os de c\u00e1rcel por corrupci\u00f3n en una causa relacionado con la trama destapada en la petrolera estatal Petrobras, y le concedi\u00f3 un margen de un d\u00eda para entregarse.<\/p>\n<p style=\"text-align: justify;\">Moro permite en su auto que Lula se <strong><em>presente voluntariamente a la Polic\u00eda Federal de Curitiba, en el sur del pa\u00eds, en un plazo m\u00e1ximo de 24 horas. \u201cAl condenado, el expresidente Luiz In\u00e1cio Lula da Silva, le concedo, en atenci\u00f3n a la dignidad del cargo que ocup\u00f3, la oportunidad de presentarse voluntariamente a la Polic\u00eda Federal en Curitiba hasta las 17.00 (hora local, 20.00 GMT), del d\u00eda 06\/04\/2018, cuando deber\u00e1 ser cumplido el mandato de prisi\u00f3n\u201d<\/em><\/strong>, se\u00f1al\u00f3 Moro en su decisi\u00f3n.<\/p>\n<p style=\"text-align: justify;\">La resoluci\u00f3n de Moro se anuncia menos de un d\u00eda despu\u00e9s de que la Corte Suprema negara al exmandatario un habeas corpus para evitar su prisi\u00f3n antes de agotar todas las apelaciones en instancias superiores.<\/p>\n<p style=\"text-align: justify;\">Moro, encargado de las investigaciones del caso Petrobras en primera instancia, conden\u00f3 el a\u00f1o pasado al exmandatario a nueve a\u00f1os de c\u00e1rcel por corrupci\u00f3n pasiva y lavado dinero, una pena que fue ratificada y ampliada en enero pasado por el Tribunal Regional Federal de la 4\u00aa Regi\u00f3n, con sede en la ciudad de Porto Alegre.<\/p>\n<p style=\"text-align: justify;\">Estrategia pol\u00edtica<\/p>\n<p style=\"text-align: justify;\">Ante un inminente encarcelamiento, el expresidente se reuni\u00f3 durante el d\u00eda de hoy con sus aliados pol\u00edticos para definir su estrategia ante el inminente ingreso a prisi\u00f3n y su inhabilitaci\u00f3n, considerado de car\u00e1cter pol\u00edtico por el Partido de los Trabajadores (PT).<\/p>\n<p style=\"text-align: justify;\">Lula recibi\u00f3 el respaldo de su c\u00edrculo de confianza en la sede de su instituto, en Sao Paulo, en una reuni\u00f3n para trazar su futuro y, consecuentemente, el del PT, que en un d\u00eda ver\u00e1 encarcelado a su principal l\u00edder y candidato presidencial.<\/p>\n<p>Fuente \/La Vanguardia<\/p>\n","protected":false},"excerpt":{"rendered":"<p>05\/04\/2018\/ Brasil.- El juez federal Sergio Moro decret\u00f3 este jueves la prisi\u00f3n del expresidente brasile\u00f1o Luiz In\u00e1cio Lula da Silva, condenado a 12 a\u00f1os de c\u00e1rcel por corrupci\u00f3n en una causa relacionado con la trama destapada en la petrolera estatal Petrobras, y le concedi\u00f3 un margen de un d\u00eda para entregarse. Moro permite en su auto que Lula se presente voluntariamente a la Polic\u00eda Federal de Curitiba, en el sur del pa\u00eds, en un plazo m\u00e1ximo de 24 horas. \u201cAl condenado, el expresidente Luiz In\u00e1cio Lula da Silva, le concedo, en atenci\u00f3n a la dignidad del cargo que ocup\u00f3, la&#8230;<\/p>\n","protected":false},"author":1,"featured_media":34103,"comment_status":"open","ping_status":"open","sticky":false,"template":"","format":"standard","meta":{"footnotes":""},"categories":[4,84],"tags":[115,7932,7933,6132,749],"class_list":["post-34102","post","type-post","status-publish","format-standard","has-post-thumbnail","hentry","category-breaking-news","category-internacionales","tag-brasil","tag-lula-da-silva","tag-meten-peros-a-lula","tag-portal-de-noticias-turistamagazine","tag-turistamagazine"],"_links":{"self":[{"href":"https:\/\/www.turistamagazine.com\/v2\/index.php?rest_route=\/wp\/v2\/posts\/34102","targetHints":{"allow":["GET"]}}],"collection":[{"href":"https:\/\/www.turistamagazine.com\/v2\/index.php?rest_route=\/wp\/v2\/posts"}],"about":[{"href":"https:\/\/www.turistamagazine.com\/v2\/index.php?rest_route=\/wp\/v2\/types\/post"}],"author":[{"embeddable":true,"href":"https:\/\/www.turistamagazine.com\/v2\/index.php?rest_route=\/wp\/v2\/users\/1"}],"replies":[{"embeddable":true,"href":"https:\/\/www.turistamagazine.com\/v2\/index.php?rest_route=%2Fwp%2Fv2%2Fcomments&post=34102"}],"version-history":[{"count":1,"href":"https:\/\/www.turistamagazine.com\/v2\/index.php?rest_route=\/wp\/v2\/posts\/34102\/revisions"}],"predecessor-version":[{"id":34104,"href":"https:\/\/www.turistamagazine.com\/v2\/index.php?rest_route=\/wp\/v2\/posts\/34102\/revisions\/34104"}],"wp:featuredmedia":[{"embeddable":true,"href":"https:\/\/www.turistamagazine.com\/v2\/index.php?rest_route=\/wp\/v2\/media\/34103"}],"wp:attachment":[{"href":"https:\/\/www.turistamagazine.com\/v2\/index.php?rest_route=%2Fwp%2Fv2%2Fmedia&parent=34102"}],"wp:term":[{"taxonomy":"category","embeddable":true,"href":"https:\/\/www.turistamagazine.com\/v2\/index.php?rest_route=%2Fwp%2Fv2%2Fcategories&post=34102"},{"taxonomy":"post_tag","embeddable":true,"href":"https:\/\/www.turistamagazine.com\/v2\/index.php?rest_route=%2Fwp%2Fv2%2Ftags&post=34102"}],"curies":[{"name":"wp","href":"https:\/\/api.w.org\/{rel}","templated":true}]}}