{"id":34038,"date":"2018-04-03T10:54:47","date_gmt":"2018-04-03T15:54:47","guid":{"rendered":"http:\/\/www.turistamagazine.com\/v2\/?p=34038"},"modified":"2018-04-03T10:54:47","modified_gmt":"2018-04-03T15:54:47","slug":"rogers-valencia-es-el-nuevo-ministro-de-comercio-exterior-y-turismo","status":"publish","type":"post","link":"https:\/\/www.turistamagazine.com\/v2\/?p=34038","title":{"rendered":"ROGERS VALENCIA ES EL NUEVO MINISTRO DE COMERCIO EXTERIOR Y TURISMO"},"content":{"rendered":"<p style=\"text-align: justify;\"><strong><em>03\/04\/2018\/ Lima.-<\/em><\/strong> El presidente de la Rep\u00fablica, Mart\u00edn Vizcarra, tom\u00f3 juramento a Rogers Valencia como nuevo ministro de Comercio Exterior y Turismo.<\/p>\n<p style=\"text-align: justify;\">Como se recuerda el ministro Valencia ven\u00eda desempe\u00f1\u00e1ndose como viceministro de Turismo desde septiembre de 2016.<\/p>\n<p style=\"text-align: justify;\">El flamante titular del Mincetur es licenciado en Turismo por la Universidad San Antonio Abad del Cusco y cuenta con una trayectoria de m\u00e1s de treinta a\u00f1os en el sector turismo. Ha sido promotor de iniciativas tur\u00edsticas innovadoras, comprometidas con el desarrollo de las comunidades y la sostenibilidad ambiental de las zonas de intervenci\u00f3n.<\/p>\n<p style=\"text-align: justify;\">En su trayectoria, ha sido docente de la Escuela de Postgrado de Turismo de la Universidad Peruana de Ciencias Aplicadas (UPC) e investigador de la Universidad San Mart\u00edn de Porres.<\/p>\n<p style=\"text-align: justify;\">Asimismo, fue presidente de la C\u00e1mara Regional de Turismo del Cusco (CARTUC) y miembro del Consejo Consultivo de Turismo Cuida, asociaci\u00f3n comprometida con la responsabilidad social, cultural y ambiental en el sector turismo. Adem\u00e1s, se ha desempe\u00f1ado como consultor internacional y miembro de la Asociaci\u00f3n Civil Transparencia.<\/p>\n<p style=\"text-align: justify;\">El \u00a0ministro Roger Valencia sucede en el cargo a Eduardo Ferreyros.<\/p>\n","protected":false},"excerpt":{"rendered":"<p>03\/04\/2018\/ Lima.- El presidente de la Rep\u00fablica, Mart\u00edn Vizcarra, tom\u00f3 juramento a Rogers Valencia como nuevo ministro de Comercio Exterior y Turismo. Como se recuerda el ministro Valencia ven\u00eda desempe\u00f1\u00e1ndose como viceministro de Turismo desde septiembre de 2016. El flamante titular del Mincetur es licenciado en Turismo por la Universidad San Antonio Abad del Cusco y cuenta con una trayectoria de m\u00e1s de treinta a\u00f1os en el sector turismo. Ha sido promotor de iniciativas tur\u00edsticas innovadoras, comprometidas con el desarrollo de las comunidades y la sostenibilidad ambiental de las zonas de intervenci\u00f3n. En su trayectoria, ha sido docente de la&#8230;<\/p>\n","protected":false},"author":1,"featured_media":0,"comment_status":"open","ping_status":"open","sticky":false,"template":"","format":"standard","meta":{"footnotes":""},"categories":[4,82],"tags":[7471,6805,350,6132,6759,749],"class_list":["post-34038","post","type-post","status-publish","format-standard","hentry","category-breaking-news","category-nacionales","tag-elenita-villar-asesora-de-tesis-en-turismo","tag-feinpretudi","tag-mincetur","tag-portal-de-noticias-turistamagazine","tag-rogers-valencia","tag-turistamagazine"],"_links":{"self":[{"href":"https:\/\/www.turistamagazine.com\/v2\/index.php?rest_route=\/wp\/v2\/posts\/34038","targetHints":{"allow":["GET"]}}],"collection":[{"href":"https:\/\/www.turistamagazine.com\/v2\/index.php?rest_route=\/wp\/v2\/posts"}],"about":[{"href":"https:\/\/www.turistamagazine.com\/v2\/index.php?rest_route=\/wp\/v2\/types\/post"}],"author":[{"embeddable":true,"href":"https:\/\/www.turistamagazine.com\/v2\/index.php?rest_route=\/wp\/v2\/users\/1"}],"replies":[{"embeddable":true,"href":"https:\/\/www.turistamagazine.com\/v2\/index.php?rest_route=%2Fwp%2Fv2%2Fcomments&post=34038"}],"version-history":[{"count":1,"href":"https:\/\/www.turistamagazine.com\/v2\/index.php?rest_route=\/wp\/v2\/posts\/34038\/revisions"}],"predecessor-version":[{"id":34040,"href":"https:\/\/www.turistamagazine.com\/v2\/index.php?rest_route=\/wp\/v2\/posts\/34038\/revisions\/34040"}],"wp:attachment":[{"href":"https:\/\/www.turistamagazine.com\/v2\/index.php?rest_route=%2Fwp%2Fv2%2Fmedia&parent=34038"}],"wp:term":[{"taxonomy":"category","embeddable":true,"href":"https:\/\/www.turistamagazine.com\/v2\/index.php?rest_route=%2Fwp%2Fv2%2Fcategories&post=34038"},{"taxonomy":"post_tag","embeddable":true,"href":"https:\/\/www.turistamagazine.com\/v2\/index.php?rest_route=%2Fwp%2Fv2%2Ftags&post=34038"}],"curies":[{"name":"wp","href":"https:\/\/api.w.org\/{rel}","templated":true}]}}