{"id":33961,"date":"2018-03-21T22:43:48","date_gmt":"2018-03-22T03:43:48","guid":{"rendered":"http:\/\/www.turistamagazine.com\/v2\/?p=33961"},"modified":"2018-03-21T22:43:48","modified_gmt":"2018-03-22T03:43:48","slug":"capatur-la-crisis-politica-no-afectara-a-la-actividad-turistica-en-nuestro-pais","status":"publish","type":"post","link":"https:\/\/www.turistamagazine.com\/v2\/?p=33961","title":{"rendered":"CAPATUR: LA CRISIS POL\u00cdTICA NO AFECTAR\u00c1 A LA ACTIVIDAD TUR\u00cdSTICA EN NUESTRO PA\u00cdS"},"content":{"rendered":"<p style=\"text-align: justify;\">21\/03\/2018\/ Paracas.- El Presidente de la C\u00e1mara de Turismo y Comercio Exterior de Paracas (CAPATUR), Eduardo J\u00e1uregui afirm\u00f3 que la actual crisis pol\u00edtica que embarga a nuestro pa\u00eds no har\u00e1 mella el desarrollo normal de la actividad tur\u00edstica, especialmente para la pr\u00f3xima Semana Santa.<\/p>\n<p style=\"text-align: justify;\">Por tal raz\u00f3n, estim\u00f3 que los turistas de Lima est\u00e1n \u00e1vidos de afrontar una Semana Santa de total relajo y de descanso en Paracas y aprovechar su riqueza natural, as\u00ed como su gastronom\u00eda marina.<\/p>\n<p style=\"text-align: justify;\"><span style=\"color: #000080;\"><strong><em>\u201cSe prev\u00e9 captar unos 3.0 millones de d\u00f3lares durante Semana Santa\u201d<\/em><\/strong><\/span>, estim\u00f3 J\u00e1uregui, quien a\u00f1adi\u00f3 que la capacidad hotelera ser\u00e1 rebasada durante el mencionado feriado largo.<\/p>\n<p style=\"text-align: justify;\">En conferencia de prensa, el dirigente empresarial inform\u00f3 que dichas estimaciones son similares registradas en el 2017, pero con la diferencia que en esta oportunidad, habr\u00e1n m\u00e1s hoteles ya inaugurados a fines del a\u00f1o pasado.<\/p>\n<p style=\"text-align: justify;\">Sin embargo, manifest\u00f3 que una buena porci\u00f3n de <span style=\"color: #000080;\"><strong><em>visitantes de Lima acampar\u00e1n en las diversas playas<\/em><\/strong><\/span> (Rasp\u00f3n, La Mina, Lagunillas, Yumaque y Roja) de Paracas.<\/p>\n<p style=\"text-align: justify;\">J\u00e1uregui a\u00f1adi\u00f3 que los turistas disfrutar\u00e1n de la riqueza gastron\u00f3mica de Paracas, en especial, <span style=\"color: #000080;\"><strong><em>de los productos marinos (pejerrey, cabrilla y bonito). <\/em><\/strong><\/span><\/p>\n<p style=\"text-align: justify;\"><span style=\"color: #000080;\"><strong><em>II Festival de la Vendimia<\/em><\/strong><\/span><\/p>\n<p style=\"text-align: justify;\">De otra parte, el titular de CAPATUR anunci\u00f3 oficialmente la organizaci\u00f3n del II Festival Internacional de La Vendimia Paracas 2018, a desarrollarse del 06 al 07 de abril pr\u00f3ximo y se espera una asistencia superior a las 20 mil personas, en su gran mayor\u00eda, proveniente de la ciudad de Lima.<\/p>\n<p style=\"text-align: justify;\"><span style=\"color: #000080;\"><strong><em>\u201cLo importante es consolidar a Paracas, adem\u00e1s de ser sede de grandes eventos empresariales, como sede de festivales musicales de importancia nacional e internacional\u201d, <\/em><\/strong><\/span>afirm\u00f3.<\/p>\n<p style=\"text-align: justify;\">Durante los dos d\u00edas del referido festival, CAPATUR tambi\u00e9n ha cre\u00eddo organizar una feria en donde lo mejores productores del Pisco congregar\u00e1n los diez stands establecidos en esta oportunidad.<\/p>\n<p style=\"text-align: justify;\">Al respecto, Eduardo J\u00e1uregui estim\u00f3 que se captar\u00e1 US$500 mil d\u00f3lares durante los dos d\u00edas que durar\u00e1 el II Festival Internacional de la Vendimia a desarrollarse a orillas de nuestro mar de Grau.<\/p>\n<p style=\"text-align: justify;\"><strong><em><span style=\"color: #000080;\">\u201cPara esa ocasi\u00f3n, la Miss Vendimia \u2013 Paracas 2018, a coronarse el pr\u00f3ximo s\u00e1bado, 24 de marzo entre ocho candidatas, engalanar\u00e1 las actividades del mencionado evento<\/span>\u201d<\/em><\/strong>, manifest\u00f3 el titular de CAPATUR.<\/p>\n<p style=\"text-align: justify;\"><span style=\"color: #000080;\"><strong><em>Finalmente, J\u00e1uregui agreg\u00f3 que el ingreso al festival ser\u00e1 completamente libre.<\/em><\/strong><\/span><\/p>\n<p style=\"text-align: justify;\"><span style=\"color: #000080;\"><strong><em>\u00a0<\/em><\/strong><\/span><\/p>\n","protected":false},"excerpt":{"rendered":"<p>21\/03\/2018\/ Paracas.- El Presidente de la C\u00e1mara de Turismo y Comercio Exterior de Paracas (CAPATUR), Eduardo J\u00e1uregui afirm\u00f3 que la actual crisis pol\u00edtica que embarga a nuestro pa\u00eds no har\u00e1 mella el desarrollo normal de la actividad tur\u00edstica, especialmente para la pr\u00f3xima Semana Santa. Por tal raz\u00f3n, estim\u00f3 que los turistas de Lima est\u00e1n \u00e1vidos de afrontar una Semana Santa de total relajo y de descanso en Paracas y aprovechar su riqueza natural, as\u00ed como su gastronom\u00eda marina. \u201cSe prev\u00e9 captar unos 3.0 millones de d\u00f3lares durante Semana Santa\u201d, estim\u00f3 J\u00e1uregui, quien a\u00f1adi\u00f3 que la capacidad hotelera ser\u00e1 rebasada durante&#8230;<\/p>\n","protected":false},"author":1,"featured_media":0,"comment_status":"open","ping_status":"open","sticky":false,"template":"","format":"standard","meta":{"footnotes":""},"categories":[4,82],"tags":[7104,99,6999,7918,1253,6132,749],"class_list":["post-33961","post","type-post","status-publish","format-standard","hentry","category-breaking-news","category-nacionales","tag-eduardo-jauregui","tag-elenita-villar","tag-festival-de-la-vendimia","tag-hotel-emperador","tag-paracas-y-las-islas-ballestas","tag-portal-de-noticias-turistamagazine","tag-turistamagazine"],"_links":{"self":[{"href":"https:\/\/www.turistamagazine.com\/v2\/index.php?rest_route=\/wp\/v2\/posts\/33961","targetHints":{"allow":["GET"]}}],"collection":[{"href":"https:\/\/www.turistamagazine.com\/v2\/index.php?rest_route=\/wp\/v2\/posts"}],"about":[{"href":"https:\/\/www.turistamagazine.com\/v2\/index.php?rest_route=\/wp\/v2\/types\/post"}],"author":[{"embeddable":true,"href":"https:\/\/www.turistamagazine.com\/v2\/index.php?rest_route=\/wp\/v2\/users\/1"}],"replies":[{"embeddable":true,"href":"https:\/\/www.turistamagazine.com\/v2\/index.php?rest_route=%2Fwp%2Fv2%2Fcomments&post=33961"}],"version-history":[{"count":1,"href":"https:\/\/www.turistamagazine.com\/v2\/index.php?rest_route=\/wp\/v2\/posts\/33961\/revisions"}],"predecessor-version":[{"id":33963,"href":"https:\/\/www.turistamagazine.com\/v2\/index.php?rest_route=\/wp\/v2\/posts\/33961\/revisions\/33963"}],"wp:attachment":[{"href":"https:\/\/www.turistamagazine.com\/v2\/index.php?rest_route=%2Fwp%2Fv2%2Fmedia&parent=33961"}],"wp:term":[{"taxonomy":"category","embeddable":true,"href":"https:\/\/www.turistamagazine.com\/v2\/index.php?rest_route=%2Fwp%2Fv2%2Fcategories&post=33961"},{"taxonomy":"post_tag","embeddable":true,"href":"https:\/\/www.turistamagazine.com\/v2\/index.php?rest_route=%2Fwp%2Fv2%2Ftags&post=33961"}],"curies":[{"name":"wp","href":"https:\/\/api.w.org\/{rel}","templated":true}]}}