{"id":33659,"date":"2018-03-02T08:16:13","date_gmt":"2018-03-02T13:16:13","guid":{"rendered":"http:\/\/www.turistamagazine.com\/v2\/?p=33659"},"modified":"2018-03-02T08:31:39","modified_gmt":"2018-03-02T13:31:39","slug":"carreteras-bloqueadas-y-escuelas-cerradas-la-ola-de-frio-en-europa","status":"publish","type":"post","link":"https:\/\/www.turistamagazine.com\/v2\/?p=33659","title":{"rendered":"CARRETERAS BLOQUEADAS Y ESCUELAS CERRADAS LA OLA DE FR\u00cdO EN EUROPA"},"content":{"rendered":"<p style=\"text-align: justify;\">02\/03\/ 2018\/ Par\u00eds.- La ola de fr\u00edo que golpea Europa desde hace varios d\u00edas ya dej\u00f3 m\u00e1s de 50 muertos, mientras este jueves aeropuertos, servicios ferroviarios y la vida cotidiana de cientos de millones segu\u00eda perturbada por vientos y nevadas que incluso afectaron las playas del Mediterr\u00e1neo.<\/p>\n<p style=\"text-align: justify;\"><span style=\"color: #000080;\"><em><b>Sin embargo como muestra la foto no es impedimento para los \u00abSElFIES\u00bb hay la frivolidad&#8230; Que\u00a0 importan\u00a0si los muertos\u00a0no est\u00e1n en mi camino&#8230; <\/b><\/em>( Redacci\u00f3n TM)<\/span><\/p>\n<p style=\"text-align: justify;\">Las grandes nevadas, poco comunes en gran parte de Europa en esta \u00e9poca del a\u00f1o, provocaron bloqueos de carreteras, dejando a miles de conductores aislados y gran parte de las escuelas se vieron obligadas a cerrar. Las agencias meteorol\u00f3gicas pronostican que el fr\u00edo continuar\u00e1 en varias partes de la regi\u00f3n este jueves.<\/p>\n<p style=\"text-align: justify;\">El balance de muertos contin\u00faa aumentando, puesto que otras tres personas fallecieron en Polonia por hipotermia, alcanzando a 21 la cantidad de v\u00edctimas en ese pa\u00eds, la mayor\u00eda de ellas &#8216;sintecho&#8217;.<\/p>\n<p style=\"text-align: justify;\">Adem\u00e1s se produjeron seis muertes en Rep\u00fablica Checa en los \u00faltimos d\u00edas, cinco en Lituania, cuatro en Francia y Eslovaquia, tres en Espa\u00f1a, dos en Italia, Serbia, Rumania y Eslovenia, y uno en Gran Breta\u00f1a y Holanda.<\/p>\n<p style=\"text-align: justify;\">Una de las v\u00edctimas espa\u00f1olas fue un hombre &#8216;sintecho&#8217;, de 39 a\u00f1os, quien dorm\u00eda en un cami\u00f3n abandonado.<\/p>\n<p style=\"text-align: justify;\"><span style=\"color: #000080;\"><em><strong>\u00abLas personas m\u00e1s expuestas a contraer enfermedades relacionadas con el intenso fr\u00edo son los ancianos, ni\u00f1os y personas con enfermedades cr\u00f3nicas o con limitaciones f\u00edsicas o mentales<\/strong><\/em><\/span>\u00ab, se\u00f1al\u00f3 la Organizaci\u00f3n Mundial de la Salud (OMS) en un comunicado, a\u00f1adiendo que los m\u00e1s pobres, desamparados y migrantes son frecuentemente los m\u00e1s golpeados por el fen\u00f3meno clim\u00e1tico.<\/p>\n<p style=\"text-align: justify;\">Andina\/ Foto: AFP<\/p>\n","protected":false},"excerpt":{"rendered":"<p>02\/03\/ 2018\/ Par\u00eds.- La ola de fr\u00edo que golpea Europa desde hace varios d\u00edas ya dej\u00f3 m\u00e1s de 50 muertos, mientras este jueves aeropuertos, servicios ferroviarios y la vida cotidiana de cientos de millones segu\u00eda perturbada por vientos y nevadas que incluso afectaron las playas del Mediterr\u00e1neo. Sin embargo como muestra la foto no es impedimento para los \u00abSElFIES\u00bb hay la frivolidad&#8230; Que\u00a0 importan\u00a0si los muertos\u00a0no est\u00e1n en mi camino&#8230; ( Redacci\u00f3n TM) Las grandes nevadas, poco comunes en gran parte de Europa en esta \u00e9poca del a\u00f1o, provocaron bloqueos de carreteras, dejando a miles de conductores aislados y gran&#8230;<\/p>\n","protected":false},"author":1,"featured_media":33660,"comment_status":"open","ping_status":"open","sticky":false,"template":"","format":"standard","meta":{"footnotes":""},"categories":[4,84],"tags":[7881,7880,6132,749],"class_list":["post-33659","post","type-post","status-publish","format-standard","has-post-thumbnail","hentry","category-breaking-news","category-internacionales","tag-muertos-por-ola-de-frio-en-europa","tag-ola-de-frio-en-europa","tag-portal-de-noticias-turistamagazine","tag-turistamagazine"],"_links":{"self":[{"href":"https:\/\/www.turistamagazine.com\/v2\/index.php?rest_route=\/wp\/v2\/posts\/33659","targetHints":{"allow":["GET"]}}],"collection":[{"href":"https:\/\/www.turistamagazine.com\/v2\/index.php?rest_route=\/wp\/v2\/posts"}],"about":[{"href":"https:\/\/www.turistamagazine.com\/v2\/index.php?rest_route=\/wp\/v2\/types\/post"}],"author":[{"embeddable":true,"href":"https:\/\/www.turistamagazine.com\/v2\/index.php?rest_route=\/wp\/v2\/users\/1"}],"replies":[{"embeddable":true,"href":"https:\/\/www.turistamagazine.com\/v2\/index.php?rest_route=%2Fwp%2Fv2%2Fcomments&post=33659"}],"version-history":[{"count":3,"href":"https:\/\/www.turistamagazine.com\/v2\/index.php?rest_route=\/wp\/v2\/posts\/33659\/revisions"}],"predecessor-version":[{"id":33663,"href":"https:\/\/www.turistamagazine.com\/v2\/index.php?rest_route=\/wp\/v2\/posts\/33659\/revisions\/33663"}],"wp:featuredmedia":[{"embeddable":true,"href":"https:\/\/www.turistamagazine.com\/v2\/index.php?rest_route=\/wp\/v2\/media\/33660"}],"wp:attachment":[{"href":"https:\/\/www.turistamagazine.com\/v2\/index.php?rest_route=%2Fwp%2Fv2%2Fmedia&parent=33659"}],"wp:term":[{"taxonomy":"category","embeddable":true,"href":"https:\/\/www.turistamagazine.com\/v2\/index.php?rest_route=%2Fwp%2Fv2%2Fcategories&post=33659"},{"taxonomy":"post_tag","embeddable":true,"href":"https:\/\/www.turistamagazine.com\/v2\/index.php?rest_route=%2Fwp%2Fv2%2Ftags&post=33659"}],"curies":[{"name":"wp","href":"https:\/\/api.w.org\/{rel}","templated":true}]}}