{"id":3363,"date":"2014-04-07T07:31:18","date_gmt":"2014-04-07T12:31:18","guid":{"rendered":"http:\/\/www.turistamagazine.com\/v2\/?p=3363"},"modified":"2014-04-07T07:36:06","modified_gmt":"2014-04-07T12:36:06","slug":"ser-periodista","status":"publish","type":"post","link":"https:\/\/www.turistamagazine.com\/v2\/?p=3363","title":{"rendered":"SER PERIODISTA"},"content":{"rendered":"<p style=\"text-align: justify;\">Nacimos periodistas y no est\u00e1bamos conscientes de ello, siempre existe la controversia <span style=\"color: #000080;\"><strong><em>\u201csi el periodista nace o se hace\u201d<\/em> <\/strong>p<\/span>ues diremos con propiedad que el periodista nace, y lo comprobamos, con la dolorosa partida del Maestro Oscar Avil\u00e9s.<\/p>\n<p style=\"text-align: justify;\">Segu\u00edamos \u00a0atentamente por la TV. el programa <span style=\"color: #000080;\"><strong><em>\u201cEl Enfoque de los s\u00e1bados\u201d<\/em><\/strong><\/span> que con toda su experiencia conduce Ra\u00fal Vargas por RPP que por cierto que contaba con la participaci\u00f3n de dos invitados de lujo \u00a0el reconocido antrop\u00f3logo, soci\u00f3logo y polit\u00f3logo peruano Julio\u00a0Cotler y el prestigioso economista peruano presidente del Instituto Libertad y Democracia (ILD) Hernando de Soto.<\/p>\n<p style=\"text-align: justify;\">Nuestra atenci\u00f3n estaba \u00a0absolutamente captada por el minucioso an\u00e1lisis\u00a0 que cada uno de ellos, hac\u00eda de las consecuencias buenas y malas del golpe del 5 de abril de hace 22 a\u00f1os dado por ex presidente Alberto Fujimori.<\/p>\n<p style=\"text-align: justify;\">Ciertamente, \u00a0las intervenciones estaban \u201cal rojo vivo\u201d puesto que cada uno estaba exponiendo sus conceptos con gran conocimiento de causa y lo defend\u00edan en algunos momentos con mucho calor\u2026 Cuando s\u00fabitamente Ra\u00fal Vargas\u00a0 interrumpe este extraordinario debate paras anunciar la muerte del Maestro Avil\u00e9s, que por lo inesperada nos caus\u00f3 tanta sorpresa puesto que los \u00faltimos partes m\u00e9dicos m\u00e1s bien eran alentadores.<\/p>\n<p style=\"text-align: justify;\">Don Ra\u00fal con toda su experiencia, despu\u00e9s de la infausta noticia y comunicarse con Augusto Polo Campos ( Compositor peruano), que estaba en un mar de l\u00e1grimas, retom\u00f3 su papel de conductor del programa y los distinguidos invitados siguieron con el debate.<\/p>\n<p style=\"text-align: justify;\">Pues para nosotros empez\u00f3 la gran disyuntiva, \u201cTo be or not to be\u201d o segu\u00edamos atentamente el alturado y aclaritivo debate o nos pon\u00edamos a redactar la noticia para ponerla en la nube digital y comunicar la penosa noticia a nuestros lectores, y lo confirmamos, aunque nuestra profesi\u00f3n no sea el periodismo, nos gan\u00f3 esa pasi\u00f3n que se siente por dar a conocer la noticia, no importa en que situaci\u00f3n an\u00edmica se encuentre la persona lo importante es comunicar.<\/p>\n<p style=\"text-align: justify;\">Y comprobamos que el periodista debe ser como Garrit, <strong><em>\u00a0<span style=\"color: #000080;\">tiene que hacer re\u00edr, aunque su alma se haga trizas bajo el dolor.<\/span><\/em><\/strong><\/p>\n<p style=\"text-align: justify;\"><strong><em><\/em><\/strong>\u00a0Nos identificamos con uno de los enunciados \u00a0del cronista cubano Carlos M. Casta\u00f1eda, acerca de lo que debe ser un periodista <strong><span style=\"color: #000080;\"><em>\u201cSer periodista exige sentir pasi\u00f3n profesional. Porque hay impl\u00edcita una \u00abmisi\u00f3n\u00bb a realizar, el periodista est\u00e1 requerido a sentir y vivir su profesi\u00f3n. Cuando se adopta esta profesi\u00f3n est\u00e1 contray\u00e9ndose un compromiso social&#8230; Requi\u00e9rese de un celo profundo, de una vida entregada a un trabajo con una meta de excelencia.<\/em><\/span><\/strong><\/p>\n<p style=\"text-align: justify;\">Nosotros agregar\u00edamos <strong><em><span style=\"color: #000080;\">\u00abmucha disciplina y sacrificio\u00bb<\/span><\/em><\/strong><\/p>\n<p style=\"text-align: justify;\">Finalmente queremos terminar este editorial que quiere\u00a0 la vez ser un sencillo homenaje de adi\u00f3s al Maestro Oscar Avil\u00e9s con una estrofa de la poes\u00eda de Juan de Dios Peza<\/p>\n<p style=\"text-align: center;\">\u00a0<span style=\"color: #000080;\"><em>REIR LLORANDO<\/em><\/span><\/p>\n<p style=\"text-align: center;\"><span style=\"color: #000080;\"><em>El carnaval del mundo enga\u00f1a tanto,<\/em><\/span><\/p>\n<p style=\"text-align: center;\"><span style=\"color: #000080;\"><em>que la vida son tristes mascaradas<\/em><\/span><\/p>\n<p style=\"text-align: center;\"><span style=\"color: #000080;\"><em>Aqu\u00ed aprendemos a re\u00edr de llanto,<\/em><\/span><\/p>\n<p style=\"text-align: center;\"><span style=\"color: #000080;\"><em>y tambi\u00e9n a llorar con carcajadas.<\/em><\/span><\/p>\n<p style=\"text-align: right;\"><span style=\"color: #000000;\"><strong>\u00a0La Directora<\/strong><\/span><\/p>\n","protected":false},"excerpt":{"rendered":"<p>Nacimos periodistas y no est\u00e1bamos conscientes de ello, siempre existe la controversia \u201csi el periodista nace o se hace\u201d pues diremos con propiedad que el periodista nace, y lo comprobamos, con la dolorosa partida del Maestro Oscar Avil\u00e9s. Segu\u00edamos \u00a0atentamente por la TV. el programa \u201cEl Enfoque de los s\u00e1bados\u201d que con toda su experiencia conduce Ra\u00fal Vargas por RPP que por cierto que contaba con la participaci\u00f3n de dos invitados de lujo \u00a0el reconocido antrop\u00f3logo, soci\u00f3logo y polit\u00f3logo peruano Julio\u00a0Cotler y el prestigioso economista peruano presidente del Instituto Libertad y Democracia (ILD) Hernando de Soto. Nuestra atenci\u00f3n estaba \u00a0absolutamente&#8230;<\/p>\n","protected":false},"author":1,"featured_media":0,"comment_status":"open","ping_status":"open","sticky":false,"template":"","format":"standard","meta":{"footnotes":""},"categories":[345],"tags":[1175,1176,1173,1172,1174],"class_list":["post-3363","post","type-post","status-publish","format-standard","hentry","category-editorial","tag-alberto-fujimori","tag-el-enfoque-de-los-sabados","tag-hernando-de-soto","tag-julio-cotler","tag-raul-vargas"],"_links":{"self":[{"href":"https:\/\/www.turistamagazine.com\/v2\/index.php?rest_route=\/wp\/v2\/posts\/3363","targetHints":{"allow":["GET"]}}],"collection":[{"href":"https:\/\/www.turistamagazine.com\/v2\/index.php?rest_route=\/wp\/v2\/posts"}],"about":[{"href":"https:\/\/www.turistamagazine.com\/v2\/index.php?rest_route=\/wp\/v2\/types\/post"}],"author":[{"embeddable":true,"href":"https:\/\/www.turistamagazine.com\/v2\/index.php?rest_route=\/wp\/v2\/users\/1"}],"replies":[{"embeddable":true,"href":"https:\/\/www.turistamagazine.com\/v2\/index.php?rest_route=%2Fwp%2Fv2%2Fcomments&post=3363"}],"version-history":[{"count":3,"href":"https:\/\/www.turistamagazine.com\/v2\/index.php?rest_route=\/wp\/v2\/posts\/3363\/revisions"}],"predecessor-version":[{"id":3365,"href":"https:\/\/www.turistamagazine.com\/v2\/index.php?rest_route=\/wp\/v2\/posts\/3363\/revisions\/3365"}],"wp:attachment":[{"href":"https:\/\/www.turistamagazine.com\/v2\/index.php?rest_route=%2Fwp%2Fv2%2Fmedia&parent=3363"}],"wp:term":[{"taxonomy":"category","embeddable":true,"href":"https:\/\/www.turistamagazine.com\/v2\/index.php?rest_route=%2Fwp%2Fv2%2Fcategories&post=3363"},{"taxonomy":"post_tag","embeddable":true,"href":"https:\/\/www.turistamagazine.com\/v2\/index.php?rest_route=%2Fwp%2Fv2%2Ftags&post=3363"}],"curies":[{"name":"wp","href":"https:\/\/api.w.org\/{rel}","templated":true}]}}