{"id":33469,"date":"2018-02-14T09:15:47","date_gmt":"2018-02-14T14:15:47","guid":{"rendered":"http:\/\/www.turistamagazine.com\/v2\/?p=33469"},"modified":"2018-02-14T09:15:47","modified_gmt":"2018-02-14T14:15:47","slug":"oms-recomienda-vacunarse-contra-la-fiebre-amarilla-a-quienes-viajen-a-brasil","status":"publish","type":"post","link":"https:\/\/www.turistamagazine.com\/v2\/?p=33469","title":{"rendered":"OMS RECOMIENDA VACUNARSE CONTRA LA FIEBRE AMARILLA A QUIENES VIAJEN A BRASIL"},"content":{"rendered":"<p style=\"text-align: justify;\"><span style=\"color: #000080;\"><em><strong>En el \u00faltimo a\u00f1o fallecieron 265 personas en Brasil a causa de la fiebre amarilla<\/strong><\/em><\/span><\/p>\n<p style=\"text-align: justify;\"><span style=\"color: #000080;\"><em><strong>La fiebre amarilla se puede prevenir a trav\u00e9s de la vacunaci\u00f3n, la cual debe realizarse al menos diez d\u00edas antes de viajar.<\/strong><\/em><\/span><\/p>\n<p style=\"text-align: justify;\"><span style=\"color: #000080;\"><em><strong>Los s\u00edntomas de la fiebre amarilla son: fiebre, cefaleas, ictericia, dolores musculares, n\u00e1useas, v\u00f3mitos y cansancio.<\/strong><\/em><\/span><\/p>\n<p style=\"text-align: justify;\">La Organizaci\u00f3n Mundial de la Salud (OMS) public\u00f3 una alerta epidemiol\u00f3gica2 donde recomienda vacunarse contra la fiebre amarilla a todos los viajeros internacionales que visiten Sao Paulo, Brasil, refiri\u00f3 la Dra. Claudia Gianoli, directora del Laboratorio cl\u00ednico Suiza Lab.<\/p>\n<p style=\"text-align: justify;\">Durante el 2017, Brasil report\u00f3 un incremento en las infecciones por fiebre amarilla, registrando 2.805 casos, 2.017 en animales y 788 en personas, de las cuales fallecieron 265. En total, se afectaron 21 estados brasileros, incluido el Distrito Federal.1<\/p>\n<p style=\"text-align: justify;\">A partir del 8 de enero de 2018, se registraron 92 casos adicionales en investigaci\u00f3n por infecci\u00f3n del virus en dicho pa\u00eds.<\/p>\n<p style=\"text-align: justify;\">Seg\u00fan la \u00faltima evaluaci\u00f3n de la Organizaci\u00f3n Mundial de la Salud y el Ministerio de Salud de Brasil, esto califica a dichas regiones como zonas en riesgo de transmisi\u00f3n de esta enfermedad.<\/p>\n<p style=\"text-align: justify;\">Se detectaron casos de fiebre amarilla en pa\u00edses vecinos, poniendo en evidencia el riesgo de diseminaci\u00f3n regional. La recomendaci\u00f3n es vacunarse 10 d\u00edas antes de viajar y tomar medidas para la prevenci\u00f3n de la enfermedad.<\/p>\n<p style=\"text-align: justify;\">Quienes viajan a pa\u00edses donde la enfermedad es end\u00e9mica como Brasil y la selva peruana, corren el riesgo de importar el virus a zonas donde no se registra incidencia de este mal. Incluso existen gobiernos que, para expedir una visa, solicitan un certificado de vacunaci\u00f3n, sobre todo cuando los viajeros proceden de lugares end\u00e9micos.3<\/p>\n<p style=\"text-align: justify;\"><span style=\"color: #000080;\"><strong><em>Datos y cifras<\/em><\/strong><\/span><\/p>\n<ul style=\"text-align: justify;\">\n<li><span style=\"color: #000080;\"><strong><em>La fiebre amarilla es una enfermedad v\u00edrica aguda, hemorr\u00e1gica, transmitida por mosquitos infectados. El t\u00e9rmino \u00abamarilla\u00bb alude a la ictericia que presentan algunos pacientes.<\/em><\/strong><\/span><\/li>\n<li><span style=\"color: #000080;\"><strong><em>Los s\u00edntomas m\u00e1s comunes de la fiebre amarilla son: fiebre, cefaleas, ictericia, dolores musculares, n\u00e1useas, v\u00f3mitos y cansancio.<\/em><\/strong><\/span><\/li>\n<li><span style=\"color: #000080;\"><strong><em>Algunos pacientes infectados pueden presentar s\u00edntomas graves, y aproximadamente la mitad de estos casos fallecen en un plazo de 7 a 10 d\u00edas.<\/em><\/strong><\/span><\/li>\n<li><span style=\"color: #000080;\"><strong><em>La vacunaci\u00f3n debe realizarse al menos diez d\u00edas antes de viajar.<\/em><\/strong><\/span><\/li>\n<li><span style=\"color: #000080;\"><strong><em>Personas con contraindicaciones a la vacuna deben consultar un profesional de la salud para realizar una evaluaci\u00f3n y recomendaci\u00f3n antes de vacunarse.<\/em><\/strong><\/span><\/li>\n<li><span style=\"color: #000080;\"><strong><em>Seg\u00fan la OMS, existen 47 pa\u00edses donde la enfermedad es end\u00e9mica: 34 de \u00c1frica y 13 de Am\u00e9rica Central y Sudam\u00e9rica.<\/em><\/strong><\/span><\/li>\n<\/ul>\n<p style=\"text-align: justify;\">La OMS recomienda tambi\u00e9n buscar asistencia a la salud en caso de s\u00edntomas y signos de fiebre amarilla durante el viaje y despu\u00e9s del retorno de \u00e1reas con riesgo de transmisi\u00f3n de la enfermedad<\/p>\n<p style=\"text-align: justify;\">Ante el incremento de casos por Fiebre Amarilla es importante recordar, seg\u00fan la OMS, que en pa\u00edses end\u00e9micos como Brasil, Colombia, Venezuela, Ecuador, M\u00e9xico, Bolivia y Per\u00fa, la vacunaci\u00f3n es la medida de prevenci\u00f3n m\u00e1s importante para evitar la propagaci\u00f3n de la enfermedad, adem\u00e1s de proteger a los viajeros que se dirigen a lugares end\u00e9micos, resalta la Dra. Gianoli.<\/p>\n<p style=\"text-align: justify;\">En el caso de Per\u00fa, el ministro de Salud, Abel Salinas, coment\u00f3 que la cobertura de vacunas para afrontar un posible brote est\u00e1 asegurada: <em><strong><span style=\"color: #000080;\">\u201clos establecimientos de salud de todo el pa\u00eds cuentan con las dosis requeridas de la vacuna contra la fiebre amarilla para atender a la poblaci\u00f3n\u201d.<\/span><\/strong><\/em><\/p>\n<p>&nbsp;<\/p>\n","protected":false},"excerpt":{"rendered":"<p>En el \u00faltimo a\u00f1o fallecieron 265 personas en Brasil a causa de la fiebre amarilla La fiebre amarilla se puede prevenir a trav\u00e9s de la vacunaci\u00f3n, la cual debe realizarse al menos diez d\u00edas antes de viajar. Los s\u00edntomas de la fiebre amarilla son: fiebre, cefaleas, ictericia, dolores musculares, n\u00e1useas, v\u00f3mitos y cansancio. La Organizaci\u00f3n Mundial de la Salud (OMS) public\u00f3 una alerta epidemiol\u00f3gica2 donde recomienda vacunarse contra la fiebre amarilla a todos los viajeros internacionales que visiten Sao Paulo, Brasil, refiri\u00f3 la Dra. Claudia Gianoli, directora del Laboratorio cl\u00ednico Suiza Lab. Durante el 2017, Brasil report\u00f3 un incremento en&#8230;<\/p>\n","protected":false},"author":1,"featured_media":33470,"comment_status":"open","ping_status":"open","sticky":false,"template":"","format":"standard","meta":{"footnotes":""},"categories":[4,82],"tags":[7862,419,6132,749],"class_list":["post-33469","post","type-post","status-publish","format-standard","has-post-thumbnail","hentry","category-breaking-news","category-nacionales","tag-la-fiebre-amarilla","tag-oms","tag-portal-de-noticias-turistamagazine","tag-turistamagazine"],"_links":{"self":[{"href":"https:\/\/www.turistamagazine.com\/v2\/index.php?rest_route=\/wp\/v2\/posts\/33469","targetHints":{"allow":["GET"]}}],"collection":[{"href":"https:\/\/www.turistamagazine.com\/v2\/index.php?rest_route=\/wp\/v2\/posts"}],"about":[{"href":"https:\/\/www.turistamagazine.com\/v2\/index.php?rest_route=\/wp\/v2\/types\/post"}],"author":[{"embeddable":true,"href":"https:\/\/www.turistamagazine.com\/v2\/index.php?rest_route=\/wp\/v2\/users\/1"}],"replies":[{"embeddable":true,"href":"https:\/\/www.turistamagazine.com\/v2\/index.php?rest_route=%2Fwp%2Fv2%2Fcomments&post=33469"}],"version-history":[{"count":1,"href":"https:\/\/www.turistamagazine.com\/v2\/index.php?rest_route=\/wp\/v2\/posts\/33469\/revisions"}],"predecessor-version":[{"id":33471,"href":"https:\/\/www.turistamagazine.com\/v2\/index.php?rest_route=\/wp\/v2\/posts\/33469\/revisions\/33471"}],"wp:featuredmedia":[{"embeddable":true,"href":"https:\/\/www.turistamagazine.com\/v2\/index.php?rest_route=\/wp\/v2\/media\/33470"}],"wp:attachment":[{"href":"https:\/\/www.turistamagazine.com\/v2\/index.php?rest_route=%2Fwp%2Fv2%2Fmedia&parent=33469"}],"wp:term":[{"taxonomy":"category","embeddable":true,"href":"https:\/\/www.turistamagazine.com\/v2\/index.php?rest_route=%2Fwp%2Fv2%2Fcategories&post=33469"},{"taxonomy":"post_tag","embeddable":true,"href":"https:\/\/www.turistamagazine.com\/v2\/index.php?rest_route=%2Fwp%2Fv2%2Ftags&post=33469"}],"curies":[{"name":"wp","href":"https:\/\/api.w.org\/{rel}","templated":true}]}}