{"id":33250,"date":"2018-01-27T10:00:20","date_gmt":"2018-01-27T15:00:20","guid":{"rendered":"http:\/\/www.turistamagazine.com\/v2\/?p=33250"},"modified":"2018-01-27T10:12:35","modified_gmt":"2018-01-27T15:12:35","slug":"en-mexico-se-legalizaria-la-marihuana-en-balnearios-turisticos","status":"publish","type":"post","link":"https:\/\/www.turistamagazine.com\/v2\/?p=33250","title":{"rendered":"EN M\u00c9XICO SE LEGALIZAR\u00cdA LA \u00a0MARIHUANA EN BALNEARIOS TUR\u00cdSTICOS"},"content":{"rendered":"<p style=\"text-align: center;\"><span style=\"color: #000080;\"><strong><em>El Congreso mexicano legaliz\u00f3 la marihuana para uso medicinal y cient\u00edfico en junio<\/em><\/strong><\/span><\/p>\n<p style=\"text-align: justify;\">27\/01\/2018\/ M\u00e9xico La marihuana deber\u00eda ser legal en los dos estados mexicanos donde se ubican los centros tur\u00edsticos de Canc\u00fan y Los Cabos, propuso el jueves el Secretario de Turismo del pa\u00eds.<\/p>\n<p style=\"text-align: justify;\">Enrique de la Madrid dijo que M\u00e9xico deber\u00eda seguir el ejemplo de Estados Unidos, que ha legalizado el consumo de la cannabis en ciertos estados.<\/p>\n<p style=\"text-align: justify;\">\u00abEs un absurdo que como pa\u00eds no demos ya ese paso\u00bb, dijo De la Madrid a reporteros el jueves. <span style=\"color: #000080;\"><em><strong>\u00abSi al pa\u00eds todo le cuesta trabajo, me gustar\u00eda ver que se pudiera hacer en Baja California Sur y Quintana Roo, los dos destinos tur\u00edsticos principales de M\u00e9xico que no tienen por qu\u00e9 ser v\u00edctimas de violencia, de un trato inadecuado al tema de las drogas<\/strong><\/em><\/span>\u00ab, agreg\u00f3.<\/p>\n<p style=\"text-align: justify;\">El Congreso mexicano legaliz\u00f3 la marihuana para uso medical y cient\u00edfico en junio.<\/p>\n<p style=\"text-align: justify;\">M\u00e1s tarde, De la Madrid dijo en su cuenta de Twitter que el comentario sobre la legalizaci\u00f3n de la marihuana fue una <em><strong><span style=\"color: #000080;\">\u00abreflexi\u00f3n a t\u00edtulo personal\u00bb.<\/span><\/strong><\/em><\/p>\n<p style=\"text-align: justify;\">Los Cabos, en el estado de Baja California Sur, y Canc\u00fan, en el estado de Quintana Roo, han sufrido un aumento de la violencia impulsado, en parte, por los carteles de la droga.<\/p>\n<p style=\"text-align: justify;\">El a\u00f1o pasado fue el m\u00e1s violento de las \u00faltimas dos d\u00e9cadas en M\u00e9xico, pa\u00eds que libra una cruenta guerra contra el narcotr\u00e1fico que, en la \u00faltima d\u00e9cada, ha dejado unos 140,000 muertos y 30,000 desaparecidos.<\/p>\n<p style=\"text-align: justify;\">\u00a0Publicado en gestion.pe<\/p>\n","protected":false},"excerpt":{"rendered":"<p>El Congreso mexicano legaliz\u00f3 la marihuana para uso medicinal y cient\u00edfico en junio 27\/01\/2018\/ M\u00e9xico La marihuana deber\u00eda ser legal en los dos estados mexicanos donde se ubican los centros tur\u00edsticos de Canc\u00fan y Los Cabos, propuso el jueves el Secretario de Turismo del pa\u00eds. Enrique de la Madrid dijo que M\u00e9xico deber\u00eda seguir el ejemplo de Estados Unidos, que ha legalizado el consumo de la cannabis en ciertos estados. \u00abEs un absurdo que como pa\u00eds no demos ya ese paso\u00bb, dijo De la Madrid a reporteros el jueves. \u00abSi al pa\u00eds todo le cuesta trabajo, me gustar\u00eda ver que&#8230;<\/p>\n","protected":false},"author":1,"featured_media":0,"comment_status":"open","ping_status":"open","sticky":false,"template":"","format":"standard","meta":{"footnotes":""},"categories":[4,84],"tags":[7471,805,105,6132,749],"class_list":["post-33250","post","type-post","status-publish","format-standard","hentry","category-breaking-news","category-internacionales","tag-elenita-villar-asesora-de-tesis-en-turismo","tag-legalizacion-de-la-marihuana","tag-mexico","tag-portal-de-noticias-turistamagazine","tag-turistamagazine"],"_links":{"self":[{"href":"https:\/\/www.turistamagazine.com\/v2\/index.php?rest_route=\/wp\/v2\/posts\/33250","targetHints":{"allow":["GET"]}}],"collection":[{"href":"https:\/\/www.turistamagazine.com\/v2\/index.php?rest_route=\/wp\/v2\/posts"}],"about":[{"href":"https:\/\/www.turistamagazine.com\/v2\/index.php?rest_route=\/wp\/v2\/types\/post"}],"author":[{"embeddable":true,"href":"https:\/\/www.turistamagazine.com\/v2\/index.php?rest_route=\/wp\/v2\/users\/1"}],"replies":[{"embeddable":true,"href":"https:\/\/www.turistamagazine.com\/v2\/index.php?rest_route=%2Fwp%2Fv2%2Fcomments&post=33250"}],"version-history":[{"count":2,"href":"https:\/\/www.turistamagazine.com\/v2\/index.php?rest_route=\/wp\/v2\/posts\/33250\/revisions"}],"predecessor-version":[{"id":33256,"href":"https:\/\/www.turistamagazine.com\/v2\/index.php?rest_route=\/wp\/v2\/posts\/33250\/revisions\/33256"}],"wp:attachment":[{"href":"https:\/\/www.turistamagazine.com\/v2\/index.php?rest_route=%2Fwp%2Fv2%2Fmedia&parent=33250"}],"wp:term":[{"taxonomy":"category","embeddable":true,"href":"https:\/\/www.turistamagazine.com\/v2\/index.php?rest_route=%2Fwp%2Fv2%2Fcategories&post=33250"},{"taxonomy":"post_tag","embeddable":true,"href":"https:\/\/www.turistamagazine.com\/v2\/index.php?rest_route=%2Fwp%2Fv2%2Ftags&post=33250"}],"curies":[{"name":"wp","href":"https:\/\/api.w.org\/{rel}","templated":true}]}}