{"id":33164,"date":"2018-01-22T12:16:21","date_gmt":"2018-01-22T17:16:21","guid":{"rendered":"http:\/\/www.turistamagazine.com\/v2\/?p=33164"},"modified":"2018-01-22T12:17:55","modified_gmt":"2018-01-22T17:17:55","slug":"amar-al-projimo-como-a-ti-mismo","status":"publish","type":"post","link":"https:\/\/www.turistamagazine.com\/v2\/?p=33164","title":{"rendered":"\u201cAMAR AL PR\u00d3JIMO COMO A TI MISMO\u201d"},"content":{"rendered":"<p>Por Elena Villar*<\/p>\n<p style=\"text-align: justify;\">Nos dej\u00f3 el papa Francisco, y\u00a0 como inici\u00f3 de semana m\u00e1s del 80% de peruanos volvemos nuestra rutina, de trabajo, y a luchar como siempre pero ahora con nuestra fe m\u00e1s fortalecida, con la convicci\u00f3n que el mensaje que nos dej\u00f3 nos permitir\u00e1 hacernos una profunda reflexi\u00f3n acerca de c\u00f3mo estamos llevando nuestra vida religiosa de cat\u00f3licos \u00a0confesos y practicantes\u2026<\/p>\n<p style=\"text-align: justify;\"><span style=\"color: #333399;\"><strong><em>El papa Francisco fue muy claro en su mensaje, basta ya de tanta violencia y desuni\u00f3n entre los peruanos, no nos olvidemos de \u201camar al pr\u00f3jimo como a ti mismo\u201d, \u00a0nos lo recuerda uno de los 10 mandamientos de la Iglesia tener siempre en cuenta a los m\u00e1s d\u00e9biles, y cuidar el medio ambiente que nos proporciona la vida\u2026 <\/em><\/strong><\/span><\/p>\n<p style=\"text-align: justify;\"><span style=\"color: #333399;\"><strong><em>Grande en tu humanidad Francisco\u2026<\/em><\/strong><\/span><\/p>\n<p style=\"text-align: justify;\">Y nos tenemos que preguntar si nos sentimos satisfechos de nuestra fe, asistiendo a misa \u00a0s\u00f3lo los domingos y fiestas de guardar a los cuales nos obliga uno de los preceptos de la Iglesia, \u00a0\u00a0\u00a0comulgando todos los domingos sin la debida preparaci\u00f3n.<\/p>\n<p style=\"text-align: justify;\">Pensamos \u00a0que \u00a0asistir\u00a0 y o\u00edr \u00a0la Santa Misa se debe hacerse \u00a0por vocaci\u00f3n y no por obligaci\u00f3n, ya que ese momento debe ser especial para nosotros, pues es el d\u00eda en que por nuestras m\u00faltiples ocupaciones, le dedicamos un momento a nuestro padre omnipotente, misericordioso, amoroso y generoso, por es as\u00ed el Se\u00f1or est\u00e1 aqu\u00ed cercano y dispuesto a demostrar su amor a todo el que lo solicit\u00e9 y se entregue a \u00e9l, no importan como le llama Ud.<\/p>\n<p style=\"text-align: justify;\">\u00a0<em><strong><span style=\"color: #000080;\">Dios para nosotros, es el mismo en esa fuerza superior o energ\u00eda con \u00a0la que Ud. amigo lector se sienta m\u00e1s identificado\u2026 Con lo que no estamos de acuerdo es con los fanatismos, ni que se tiene que cambiar de religi\u00f3n para encontrar al Se\u00f1or, o que s\u00f3lo un grupo\u00a0 ser\u00e1n los elegidos\u2026 como lo predican muchas otras creencias religiosas\u2026<\/span><\/strong><\/em><\/p>\n<p style=\"text-align: justify;\">Es nuestra opini\u00f3n muy personal por cierto, \u00a0que si \u00a0se tiene que cambiar de religi\u00f3n o fe con la que nos educaron nuestros padres para encontrar al Se\u00f1or que les cambi\u00f3 la vida, \u00a0es porque realmente no supieron buscarlo, ya que Dios o como lo llamen en su creencia o religi\u00f3n es el mismo para todo el que quiera creer en \u00e9l salvo error u omisi\u00f3n, ya que evidentemente no somos due\u00f1os de la verdad\u2026<\/p>\n<p style=\"text-align: justify;\"><strong><em><span style=\"color: #000080;\">Es nuestra verdad, en la cual creemos fielmente y nos hace feliz\u2026<\/span><\/em><\/strong><\/p>\n<p>Mg. En Turismo y Hoteler\u00eda<\/p>\n","protected":false},"excerpt":{"rendered":"<p>Por Elena Villar* Nos dej\u00f3 el papa Francisco, y\u00a0 como inici\u00f3 de semana m\u00e1s del 80% de peruanos volvemos nuestra rutina, de trabajo, y a luchar como siempre pero ahora con nuestra fe m\u00e1s fortalecida, con la convicci\u00f3n que el mensaje que nos dej\u00f3 nos permitir\u00e1 hacernos una profunda reflexi\u00f3n acerca de c\u00f3mo estamos llevando nuestra vida religiosa de cat\u00f3licos \u00a0confesos y practicantes\u2026 El papa Francisco fue muy claro en su mensaje, basta ya de tanta violencia y desuni\u00f3n entre los peruanos, no nos olvidemos de \u201camar al pr\u00f3jimo como a ti mismo\u201d, \u00a0nos lo recuerda uno de los 10&#8230;<\/p>\n","protected":false},"author":1,"featured_media":0,"comment_status":"open","ping_status":"open","sticky":false,"template":"","format":"standard","meta":{"footnotes":""},"categories":[90],"tags":[7836,99,7471,171,6132,749],"class_list":["post-33164","post","type-post","status-publish","format-standard","hentry","category-pensando-en-voz-alta","tag-amar-al-projimo-como-a-ti-mismo","tag-elenita-villar","tag-elenita-villar-asesora-de-tesis-en-turismo","tag-papa-francisco","tag-portal-de-noticias-turistamagazine","tag-turistamagazine"],"_links":{"self":[{"href":"https:\/\/www.turistamagazine.com\/v2\/index.php?rest_route=\/wp\/v2\/posts\/33164","targetHints":{"allow":["GET"]}}],"collection":[{"href":"https:\/\/www.turistamagazine.com\/v2\/index.php?rest_route=\/wp\/v2\/posts"}],"about":[{"href":"https:\/\/www.turistamagazine.com\/v2\/index.php?rest_route=\/wp\/v2\/types\/post"}],"author":[{"embeddable":true,"href":"https:\/\/www.turistamagazine.com\/v2\/index.php?rest_route=\/wp\/v2\/users\/1"}],"replies":[{"embeddable":true,"href":"https:\/\/www.turistamagazine.com\/v2\/index.php?rest_route=%2Fwp%2Fv2%2Fcomments&post=33164"}],"version-history":[{"count":3,"href":"https:\/\/www.turistamagazine.com\/v2\/index.php?rest_route=\/wp\/v2\/posts\/33164\/revisions"}],"predecessor-version":[{"id":33167,"href":"https:\/\/www.turistamagazine.com\/v2\/index.php?rest_route=\/wp\/v2\/posts\/33164\/revisions\/33167"}],"wp:attachment":[{"href":"https:\/\/www.turistamagazine.com\/v2\/index.php?rest_route=%2Fwp%2Fv2%2Fmedia&parent=33164"}],"wp:term":[{"taxonomy":"category","embeddable":true,"href":"https:\/\/www.turistamagazine.com\/v2\/index.php?rest_route=%2Fwp%2Fv2%2Fcategories&post=33164"},{"taxonomy":"post_tag","embeddable":true,"href":"https:\/\/www.turistamagazine.com\/v2\/index.php?rest_route=%2Fwp%2Fv2%2Ftags&post=33164"}],"curies":[{"name":"wp","href":"https:\/\/api.w.org\/{rel}","templated":true}]}}