{"id":33019,"date":"2018-01-06T19:54:29","date_gmt":"2018-01-07T00:54:29","guid":{"rendered":"http:\/\/www.turistamagazine.com\/v2\/?p=33019"},"modified":"2018-01-06T19:54:29","modified_gmt":"2018-01-07T00:54:29","slug":"marca-peru-sera-vista-por-mas-de-190-millones-de-personas-gracias-al-rally-dakar-2018","status":"publish","type":"post","link":"https:\/\/www.turistamagazine.com\/v2\/?p=33019","title":{"rendered":"MARCA PER\u00da SER\u00c1 VISTA POR M\u00c1S DE 190 MILLONES DE PERSONAS GRACIAS AL RALLY DAKAR 2018"},"content":{"rendered":"<p class=\"xxmsonospacing\" style=\"background-image: initial;\"><b><span style=\"font-size: 11.0pt; font-family: 'Arial','sans-serif'; color: #212121;\">06\/01\/2018\/Lima.-<\/span><\/b><span style=\"font-size: 11.0pt; font-family: 'Arial','sans-serif'; color: #212121;\"> La Marca Per\u00fa podr\u00e1 ser vista por m\u00e1s de 190 millones de personas en todo el mundo gracias a que nuestro pa\u00eds ha sido la largada del Rally Dakar 2018 y a que tendr\u00e1 seis etapas, inform\u00f3 PROMPER\u00da<\/span><span style=\"font-size: 11.0pt; font-family: 'Arial','sans-serif'; color: #212121;\">\u00a0<\/span><\/p>\n<p class=\"xxmsonospacing\" style=\"text-align: justify; background-image: initial;\"><span style=\"font-size: 11.0pt; font-family: 'Arial','sans-serif'; color: #212121;\">La 40\u00aa edici\u00f3n de esta competencia se inici\u00f3 hoy desde el Pentagonito de San Borja con la presencia del presidente Pedro Pablo Kuczynski y del ministro de Comercio Exterior y Turismo, Eduardo Ferreyros, entre otras autoridades, quienes dieron el banderazo de inicio del rally de manera simb\u00f3lica.<\/span><\/p>\n<p class=\"xxmsonospacing\" style=\"text-align: justify; background-image: initial;\"><span style=\"font-size: 11.0pt; font-family: 'Arial','sans-serif'; color: #212121;\">El paso de las motos, cuatrimotos, autos y camiones que recorrer\u00e1n el Per\u00fa se inici\u00f3 a las 8:00 a.m. y se prolong\u00f3 hasta pasado el mediod\u00eda, ante la atenta mirada de los medios de comunicaci\u00f3n internacionales que se han dado cita en nuestro pa\u00eds y que permitir\u00e1n mostrar la Marca Per\u00fa y la belleza de nuestros destinos tur\u00edsticos \u2013las dunas ique\u00f1as, los Andes arequipe\u00f1os y el altiplano pune\u00f1o\u2013 a su audiencia, estimada en unas 190 millones de personas de unos 180 pa\u00edses.<\/span><\/p>\n<p class=\"xxmsonospacing\" style=\"text-align: justify; background-image: initial;\"><span style=\"font-size: 11.0pt; font-family: 'Arial','sans-serif'; color: #212121;\">Para aprovechar esta audiencia, PROMPER\u00da ha realizado una serie de actividades de promoci\u00f3n para que el mundo entero conozca m\u00e1s de nuestro pa\u00eds y de la calidez y hospitalidad de nuestra gente.<\/span><\/p>\n<p class=\"xxmsonospacing\" style=\"text-align: justify; background-image: initial;\"><span style=\"font-size: 11.0pt; font-family: 'Arial','sans-serif'; color: #212121;\">\u00a0<\/span><span style=\"font-size: 11.0pt; font-family: 'Arial','sans-serif'; color: #212121;\">As\u00ed, en Lima mont\u00f3 la Carpa Per\u00fa en el Dakar Village, en la que se pudo degustar de nuestros s\u00faper alimentos y cocteles a base de pisco, adem\u00e1s de disfrutar de la alegr\u00eda de una yunza con danzas t\u00edpicas o tomarse fotos con r\u00e9plicas de paisajes y veh\u00edculos en competencia en una estructura inspirada en el Santuario de Pachacamac. Uno de los momentos que se rob\u00f3 el show durante la largada fue el espect\u00e1culo a\u00e9reo con una avioneta de la Marca Per\u00fa modelo MX2 totalmente de fibra de carbono de 600 kilos, pilotada por el peruano Micho Velickovich quien vino desde Florida, Estados Unidos, en un viaje que le tom\u00f3 seis d\u00edas.<\/span><\/p>\n<div id=\"attachment_33021\" style=\"width: 510px\" class=\"wp-caption aligncenter\"><a href=\"https:\/\/www.turistamagazine.com\/v2\/wp-content\/uploads\/2018\/01\/Largada-Dakar2018-2.jpg\"><img decoding=\"async\" aria-describedby=\"caption-attachment-33021\" class=\"wp-image-33021\" src=\"https:\/\/www.turistamagazine.com\/v2\/wp-content\/uploads\/2018\/01\/Largada-Dakar2018-2.jpg\" alt=\"Largada Dakar2018\" width=\"500\" height=\"334\" srcset=\"https:\/\/www.turistamagazine.com\/v2\/wp-content\/uploads\/2018\/01\/Largada-Dakar2018-2.jpg 1344w, https:\/\/www.turistamagazine.com\/v2\/wp-content\/uploads\/2018\/01\/Largada-Dakar2018-2-300x200.jpg 300w, https:\/\/www.turistamagazine.com\/v2\/wp-content\/uploads\/2018\/01\/Largada-Dakar2018-2-768x513.jpg 768w, https:\/\/www.turistamagazine.com\/v2\/wp-content\/uploads\/2018\/01\/Largada-Dakar2018-2-1024x683.jpg 1024w, https:\/\/www.turistamagazine.com\/v2\/wp-content\/uploads\/2018\/01\/Largada-Dakar2018-2-629x420.jpg 629w, https:\/\/www.turistamagazine.com\/v2\/wp-content\/uploads\/2018\/01\/Largada-Dakar2018-2-610x407.jpg 610w\" sizes=\"(max-width: 500px) 100vw, 500px\" \/><\/a><p id=\"caption-attachment-33021\" class=\"wp-caption-text\">Largada Dakar2018<\/p><\/div>\n<p>&nbsp;<\/p>\n<p class=\"xxmsonospacing\" style=\"text-align: justify; background-image: initial;\"><span style=\"font-size: 11.0pt; font-family: 'Arial','sans-serif'; color: #212121;\">\u00a0<\/span><span style=\"font-size: 11.0pt; font-family: 'Arial','sans-serif'; color: #212121;\">Adem\u00e1s, hoy abri\u00f3 sus puertas la feria gastron\u00f3mica \u2018Per\u00fa, Mucho Gusto \u2013 Pisco\u2019, que hasta el d\u00eda de ma\u00f1ana ofrecer\u00e1 lo mejor de las cocinas regionales del sur. De esta manera, la gente que siga de cerca el Dakar a su paso por Ica, tendr\u00e1 un elemento m\u00e1s para disfrutar de este destino, considerando que el ingreso es gratuito.<\/span><span style=\"font-size: 11.0pt; font-family: 'Arial','sans-serif'; color: #212121;\">\u00a0<\/span><\/p>\n<p class=\"xxmsonospacing\" style=\"text-align: justify; background-image: initial;\"><span style=\"font-size: 11.0pt; font-family: 'Arial','sans-serif'; color: #212121;\">Finalmente, para los d\u00edas 10 y 11 de enero, antes de que el rally se despida de nuestro territorio y siga su curso por Bolivia hasta C\u00f3rdoba (Argentina), se realizar\u00e1 la feria \u2018Per\u00fa, Mucho Gusto \u2013 Puno\u2019 en el cuartel Manco C\u00e1pac. El ingreso tambi\u00e9n ser\u00e1 gratuito.<\/span><span style=\"font-size: 11.0pt; font-family: 'Arial','sans-serif'; color: #212121;\">\u00a0<\/span><\/p>\n<div id=\"attachment_33001\" style=\"width: 510px\" class=\"wp-caption aligncenter\"><a href=\"https:\/\/www.turistamagazine.com\/v2\/wp-content\/uploads\/2018\/01\/Dakar-Village-Foto-1.jpg\"><img decoding=\"async\" aria-describedby=\"caption-attachment-33001\" class=\"wp-image-33001\" src=\"https:\/\/www.turistamagazine.com\/v2\/wp-content\/uploads\/2018\/01\/Dakar-Village-Foto-1.jpg\" alt=\"\" width=\"500\" height=\"333\" srcset=\"https:\/\/www.turistamagazine.com\/v2\/wp-content\/uploads\/2018\/01\/Dakar-Village-Foto-1.jpg 1024w, https:\/\/www.turistamagazine.com\/v2\/wp-content\/uploads\/2018\/01\/Dakar-Village-Foto-1-300x200.jpg 300w, https:\/\/www.turistamagazine.com\/v2\/wp-content\/uploads\/2018\/01\/Dakar-Village-Foto-1-768x512.jpg 768w, https:\/\/www.turistamagazine.com\/v2\/wp-content\/uploads\/2018\/01\/Dakar-Village-Foto-1-630x420.jpg 630w, https:\/\/www.turistamagazine.com\/v2\/wp-content\/uploads\/2018\/01\/Dakar-Village-Foto-1-610x407.jpg 610w\" sizes=\"(max-width: 500px) 100vw, 500px\" \/><\/a><p id=\"caption-attachment-33001\" class=\"wp-caption-text\">Dakar Village<\/p><\/div>\n<p class=\"xxmsonormal\" style=\"text-align: justify; background-image: initial;\"><span style=\"font-size: 11.0pt; font-family: 'Arial','sans-serif'; color: #212121;\">La organizaci\u00f3n del Rally Dakar 2018 cont\u00f3 este a\u00f1o con la participaci\u00f3n de una comisi\u00f3n multisectorial liderada por el MINCETUR en la que tambi\u00e9n participaron los ministerios de Cultura, Ambiente (Sernanp), Educaci\u00f3n (IPD), Interior y Defensa.<\/span><\/p>\n<p class=\"xxmsonormal\" style=\"text-align: justify; background-image: initial;\"><span style=\"font-size: 11.0pt; font-family: 'Arial','sans-serif'; color: #212121;\">De manera coordinada, se traz\u00f3 la ruta por la que pasar\u00e1 la competencia, respetando las zonas de exclusi\u00f3n para que no se vea da\u00f1ado nuestro patrimonio natural, cultural y paleontol\u00f3gico. Asimismo, vienen realizando una campa\u00f1a de sensibilizaci\u00f3n en la que se pide al p\u00fablico que siga la competencia en las zonas de espectadores, que recoja los desechos y los tire a la basura, y que se respete la se\u00f1alizaci\u00f3n alrededor de la ruta.<\/span><\/p>\n<p class=\"xxmsonormal\" style=\"text-align: justify; background-image: initial;\"><span style=\"font-size: 11.0pt; font-family: 'Arial','sans-serif'; color: black;\">Para mayor informaci\u00f3n sobre las actividades visita la web www.<\/span><span style=\"font-family: 'Calibri','sans-serif'; color: black;\"><a id=\"LPlnk865283\" href=\"http:\/\/dakar.peru.travel\/\" target=\"_blank\" rel=\"noopener\"><span style=\"font-size: 11.0pt; font-family: 'Arial','sans-serif'; color: #1155cc;\">dakar.peru.travel<\/span><\/a><\/span><\/p>\n<p class=\"xmsonormal\" style=\"text-align: justify;\"><b><span style=\"font-family: 'Arial','sans-serif'; color: black;\">\u00a0<\/span><\/b><\/p>\n","protected":false},"excerpt":{"rendered":"<p>06\/01\/2018\/Lima.- La Marca Per\u00fa podr\u00e1 ser vista por m\u00e1s de 190 millones de personas en todo el mundo gracias a que nuestro pa\u00eds ha sido la largada del Rally Dakar 2018 y a que tendr\u00e1 seis etapas, inform\u00f3 PROMPER\u00da\u00a0 La 40\u00aa edici\u00f3n de esta competencia se inici\u00f3 hoy desde el Pentagonito de San Borja con la presencia del presidente Pedro Pablo Kuczynski y del ministro de Comercio Exterior y Turismo, Eduardo Ferreyros, entre otras autoridades, quienes dieron el banderazo de inicio del rally de manera simb\u00f3lica. El paso de las motos, cuatrimotos, autos y camiones que recorrer\u00e1n el Per\u00fa se&#8230;<\/p>\n","protected":false},"author":1,"featured_media":33020,"comment_status":"open","ping_status":"open","sticky":false,"template":"","format":"standard","meta":{"footnotes":""},"categories":[4,82],"tags":[7471,6805,7818,330,749],"class_list":["post-33019","post","type-post","status-publish","format-standard","has-post-thumbnail","hentry","category-breaking-news","category-nacionales","tag-elenita-villar-asesora-de-tesis-en-turismo","tag-feinpretudi","tag-rally-dakar-2018","tag-turismo-en-el-peru","tag-turistamagazine"],"_links":{"self":[{"href":"https:\/\/www.turistamagazine.com\/v2\/index.php?rest_route=\/wp\/v2\/posts\/33019","targetHints":{"allow":["GET"]}}],"collection":[{"href":"https:\/\/www.turistamagazine.com\/v2\/index.php?rest_route=\/wp\/v2\/posts"}],"about":[{"href":"https:\/\/www.turistamagazine.com\/v2\/index.php?rest_route=\/wp\/v2\/types\/post"}],"author":[{"embeddable":true,"href":"https:\/\/www.turistamagazine.com\/v2\/index.php?rest_route=\/wp\/v2\/users\/1"}],"replies":[{"embeddable":true,"href":"https:\/\/www.turistamagazine.com\/v2\/index.php?rest_route=%2Fwp%2Fv2%2Fcomments&post=33019"}],"version-history":[{"count":1,"href":"https:\/\/www.turistamagazine.com\/v2\/index.php?rest_route=\/wp\/v2\/posts\/33019\/revisions"}],"predecessor-version":[{"id":33022,"href":"https:\/\/www.turistamagazine.com\/v2\/index.php?rest_route=\/wp\/v2\/posts\/33019\/revisions\/33022"}],"wp:featuredmedia":[{"embeddable":true,"href":"https:\/\/www.turistamagazine.com\/v2\/index.php?rest_route=\/wp\/v2\/media\/33020"}],"wp:attachment":[{"href":"https:\/\/www.turistamagazine.com\/v2\/index.php?rest_route=%2Fwp%2Fv2%2Fmedia&parent=33019"}],"wp:term":[{"taxonomy":"category","embeddable":true,"href":"https:\/\/www.turistamagazine.com\/v2\/index.php?rest_route=%2Fwp%2Fv2%2Fcategories&post=33019"},{"taxonomy":"post_tag","embeddable":true,"href":"https:\/\/www.turistamagazine.com\/v2\/index.php?rest_route=%2Fwp%2Fv2%2Ftags&post=33019"}],"curies":[{"name":"wp","href":"https:\/\/api.w.org\/{rel}","templated":true}]}}