{"id":32913,"date":"2017-12-29T08:49:00","date_gmt":"2017-12-29T13:49:00","guid":{"rendered":"http:\/\/www.turistamagazine.com\/v2\/?p=32913"},"modified":"2017-12-29T11:32:55","modified_gmt":"2017-12-29T16:32:55","slug":"desde-espana-y-uruguay","status":"publish","type":"post","link":"https:\/\/www.turistamagazine.com\/v2\/?p=32913","title":{"rendered":"DESDE ESPA\u00d1A Y URUGUAY"},"content":{"rendered":"<p style=\"text-align: justify;\">Querida Elena, desde Fijet ESPA\u00d1A queremos desearte a ti y a todo Peru que el a\u00f1o 2018 traiga s\u00f3lo buenas cosas a nuestro pa\u00eds hermano.<\/p>\n<p style=\"text-align: justify;\">Me gustar\u00eda tambi\u00e9n preguntarte si quieres que te mandemos noticias o reportajes de nuestros asociados en ESPA\u00d1A, ya sabes que a Fijet a ESPA\u00d1A es una asociaci\u00f3n de periodistas y escritores de turismo donde todos sus miembros son periodistas activos por y para el turismo, y nos encantar\u00eda establecer alg\u00fan tipo de colaboraci\u00f3n para intercambio de noticias siempre en pro del turismo internacional.<\/p>\n<p>Mientras recibe un cari\u00f1oso saludo desde ESPA\u00d1A y uno especial de mi parte<\/p>\n<p><span style=\"color: #000080;\"><strong><em>Mar\u00eda del Mar Garc\u00eda Aguil\u00f3<\/em><\/strong><\/span><\/p>\n<p><span style=\"color: #000080;\"><strong><em>Secretaria FIJET Espa\u00f1a<\/em><\/strong><\/span><\/p>\n<p>&#8212;&#8212;&#8212;&#8212;&#8212;&#8212;&#8212;&#8212;&#8212;&#8212;&#8212;&#8212;&#8212;&#8212;&#8212;&#8212;&#8212;&#8212;&#8212;-<\/p>\n<p><strong>Elenita,\u00a0<\/strong><\/p>\n<p><strong>\u00bfC\u00f3mo est\u00e1s?<\/strong><\/p>\n<p>Hace tiempo que no nos hablamos y en verdad, he estado replanteando mis asuntos profesionales, ya encaminados, por suerte, aunque me han llevado m\u00e1s tiempo del que ten\u00eda previsto.<\/p>\n<p>Estoy retomando varias actividades period\u00edsticas como Agencia de Contenidos desde Punta del Este y est\u00e1 entre mis anhelos entregarte al menos dos columnas al mes para el portal, obviamente si son de inter\u00e9s para ti.<\/p>\n<p>Te mando un enorme abrazo.<\/p>\n<p><a href=\"https:\/\/www.turistamagazine.com\/v2\/wp-content\/uploads\/2017\/12\/min_tarj-LK_20nov2017.jpg\"><img decoding=\"async\" class=\"wp-image-32941 aligncenter\" src=\"https:\/\/www.turistamagazine.com\/v2\/wp-content\/uploads\/2017\/12\/min_tarj-LK_20nov2017.jpg\" alt=\"\" width=\"400\" height=\"308\" \/><\/a><\/p>\n<p><em><span style=\"color: #000080;\"><strong>Opini\u00f3n Empresarial<\/strong><\/span><\/em><\/p>\n<p><em><span style=\"color: #000080;\"><strong>Punta del Este<\/strong><\/span><\/em><\/p>\n<p><em><span style=\"color: #000080;\"><strong>Carlos Rodr\u00edguez Ruiz<\/strong><\/span><\/em><\/p>\n<p><em>CEO<\/em><\/p>\n<p><strong>Secretario del C\u00edrculo de Periodistas de Turismo del Uruguay (CIPETUR)<\/strong><\/p>\n<p><strong>Presidente de Casa Uruguay Brasil<\/strong><\/p>\n<p><strong>Representante de Revista \u00abS\u00f3lo L\u00edderes\u00bb de Argentina<\/strong><\/p>\n<p><strong>Representante de Revista \u00abCheck In\u00bb Uruguay y Paraguay<\/strong><\/p>\n<p><strong>Representante de Turista Magazine\/Per\u00fa<\/strong><\/p>\n<p><strong>Representante de Radio Miami Color para Uruguay<\/strong><\/p>\n<p><span style=\"color: #000080;\"><strong><em>Gracias \u00a0a todos nuestros amigos por recordarnos y las tarjetas Y SALUDOS QUE NOS han hecho llegar por estas significativas fiestas\u2026<\/em><\/strong><\/span><\/p>\n<p><strong><em>E.V.<\/em><\/strong><\/p>\n<p>&nbsp;<\/p>\n","protected":false},"excerpt":{"rendered":"<p>Querida Elena, desde Fijet ESPA\u00d1A queremos desearte a ti y a todo Peru que el a\u00f1o 2018 traiga s\u00f3lo buenas cosas a nuestro pa\u00eds hermano. Me gustar\u00eda tambi\u00e9n preguntarte si quieres que te mandemos noticias o reportajes de nuestros asociados en ESPA\u00d1A, ya sabes que a Fijet a ESPA\u00d1A es una asociaci\u00f3n de periodistas y escritores de turismo donde todos sus miembros son periodistas activos por y para el turismo, y nos encantar\u00eda establecer alg\u00fan tipo de colaboraci\u00f3n para intercambio de noticias siempre en pro del turismo internacional. Mientras recibe un cari\u00f1oso saludo desde ESPA\u00d1A y uno especial de mi&#8230;<\/p>\n","protected":false},"author":1,"featured_media":0,"comment_status":"open","ping_status":"open","sticky":false,"template":"","format":"standard","meta":{"footnotes":""},"categories":[97],"tags":[99,6132,749],"class_list":["post-32913","post","type-post","status-publish","format-standard","hentry","category-nos-escriben","tag-elenita-villar","tag-portal-de-noticias-turistamagazine","tag-turistamagazine"],"_links":{"self":[{"href":"https:\/\/www.turistamagazine.com\/v2\/index.php?rest_route=\/wp\/v2\/posts\/32913","targetHints":{"allow":["GET"]}}],"collection":[{"href":"https:\/\/www.turistamagazine.com\/v2\/index.php?rest_route=\/wp\/v2\/posts"}],"about":[{"href":"https:\/\/www.turistamagazine.com\/v2\/index.php?rest_route=\/wp\/v2\/types\/post"}],"author":[{"embeddable":true,"href":"https:\/\/www.turistamagazine.com\/v2\/index.php?rest_route=\/wp\/v2\/users\/1"}],"replies":[{"embeddable":true,"href":"https:\/\/www.turistamagazine.com\/v2\/index.php?rest_route=%2Fwp%2Fv2%2Fcomments&post=32913"}],"version-history":[{"count":4,"href":"https:\/\/www.turistamagazine.com\/v2\/index.php?rest_route=\/wp\/v2\/posts\/32913\/revisions"}],"predecessor-version":[{"id":32942,"href":"https:\/\/www.turistamagazine.com\/v2\/index.php?rest_route=\/wp\/v2\/posts\/32913\/revisions\/32942"}],"wp:attachment":[{"href":"https:\/\/www.turistamagazine.com\/v2\/index.php?rest_route=%2Fwp%2Fv2%2Fmedia&parent=32913"}],"wp:term":[{"taxonomy":"category","embeddable":true,"href":"https:\/\/www.turistamagazine.com\/v2\/index.php?rest_route=%2Fwp%2Fv2%2Fcategories&post=32913"},{"taxonomy":"post_tag","embeddable":true,"href":"https:\/\/www.turistamagazine.com\/v2\/index.php?rest_route=%2Fwp%2Fv2%2Ftags&post=32913"}],"curies":[{"name":"wp","href":"https:\/\/api.w.org\/{rel}","templated":true}]}}