{"id":32911,"date":"2017-12-29T08:37:59","date_gmt":"2017-12-29T13:37:59","guid":{"rendered":"http:\/\/www.turistamagazine.com\/v2\/?p=32911"},"modified":"2017-12-29T10:23:59","modified_gmt":"2017-12-29T15:23:59","slug":"gracias-gracias-gracias-por-todo-mi-amigos","status":"publish","type":"post","link":"https:\/\/www.turistamagazine.com\/v2\/?p=32911","title":{"rendered":"GRACIAS, \u00a0GRACIAS, GRACIAS POR TODO MIS AMIGOS"},"content":{"rendered":"<p style=\"text-align: justify;\"><em><strong><span style=\"color: #000080;\">FRAN-CA MENTE.<\/span>&#8211;<\/strong> <\/em>Se nos\u00a0 acab\u00f3 el a\u00f1o del trabajo, para esta casa editora, con la edici\u00f3n <span style=\"color: #000080;\"><em><strong>N\u00b0 467 sin contar los blogs de los martes y los quincenarios de los 2 primeros a\u00f1os<\/strong><\/em><\/span>, llegamos felices a empezar nuestro d\u00e9cimo primer a\u00f1o, siempre con ilusi\u00f3n de brindarles cosas nuevas para \u00a0seguir motivando su lector\u00eda y fidelizaci\u00f3n, \u00a0motor imprescindible para nosotros, que nos permite seguir creciendo y capacit\u00e1ndonos, para llegar cada d\u00eda con el mensaje claro, preciso, y mantener la credibilidad y el posicionamiento que hemos logrado con gran esfuerzo, disciplina y sacrificio .<\/p>\n<p style=\"text-align: justify;\">Pero todo esfuerzo es recompensado con los cientos de mensaje que nos llegan, por tal o cual art\u00edculo, o porque encontraron todo muy ameno y sobre todo informativo, que Uds. mis queridos amigos, porque es as\u00ed se genera una amistad duradera intangible, con esos miles de seres humanos que no conocemos\u00a0 pero est\u00e1 all\u00ed y no mezquinan sus frases de aliento y\u00a0 aprecio hacia nuestro trabajo, que algunas \u00a0veces compartimos con Uds., \u00a0otras tienen la gentileza de escribirlo directamente en nuestra p\u00e1gina o \u00a0\u00a0los likes que cientos de veces nos dan\u2026<\/p>\n<p style=\"text-align: justify;\">\u00a0<em><strong><span style=\"color: #000080;\">Gracias mil a todos, y cada uno de \u00a0nuestros ilustres y gentiles colaboradores, tanto peruanos como extranjeros, a todos les deseamos lo mejor en este a\u00f1o que se inicia, y confiando siempre en su buena disposici\u00f3n para con TuristamagazineDestinos, que como nuestra presentaci\u00f3n en nuestra secci\u00f3n QUIENES SOMOS\u00a0 repetimos TuristamagazineDestinos\u00a0\u00a0on line\u00a0 Portal de Noticias, de Turismo, Viajes, Pol\u00edtica, Cultura, Medio Ambiente y Ecolog\u00eda\u00a0 fue\u00a0\u00a0creado en Lima- Per\u00fa para el mundo\u2026 Mil gracias y nos rencontramos en pr\u00f3ximo a\u00f1o\u2026 2018\u2026 FRAN- CA-MENTE.<\/span><\/strong><\/em><\/p>\n<p><a href=\"https:\/\/www.turistamagazine.com\/v2\/wp-content\/uploads\/2017\/05\/AviancaCargo3.jpg\"><img decoding=\"async\" class=\"wp-image-29163\" src=\"https:\/\/www.turistamagazine.com\/v2\/wp-content\/uploads\/2017\/05\/AviancaCargo3.jpg\" alt=\"\" width=\"350\" height=\"525\" \/><\/a><\/p>\n","protected":false},"excerpt":{"rendered":"<p>FRAN-CA MENTE.&#8211; Se nos\u00a0 acab\u00f3 el a\u00f1o del trabajo, para esta casa editora, con la edici\u00f3n N\u00b0 467 sin contar los blogs de los martes y los quincenarios de los 2 primeros a\u00f1os, llegamos felices a empezar nuestro d\u00e9cimo primer a\u00f1o, siempre con ilusi\u00f3n de brindarles cosas nuevas para \u00a0seguir motivando su lector\u00eda y fidelizaci\u00f3n, \u00a0motor imprescindible para nosotros, que nos permite seguir creciendo y capacit\u00e1ndonos, para llegar cada d\u00eda con el mensaje claro, preciso, y mantener la credibilidad y el posicionamiento que hemos logrado con gran esfuerzo, disciplina y sacrificio . Pero todo esfuerzo es recompensado con los cientos&#8230;<\/p>\n","protected":false},"author":1,"featured_media":0,"comment_status":"open","ping_status":"open","sticky":false,"template":"","format":"standard","meta":{"footnotes":""},"categories":[346],"tags":[99,7805,6132,749],"class_list":["post-32911","post","type-post","status-publish","format-standard","hentry","category-francamente","tag-elenita-villar","tag-feliz-2018","tag-portal-de-noticias-turistamagazine","tag-turistamagazine"],"_links":{"self":[{"href":"https:\/\/www.turistamagazine.com\/v2\/index.php?rest_route=\/wp\/v2\/posts\/32911","targetHints":{"allow":["GET"]}}],"collection":[{"href":"https:\/\/www.turistamagazine.com\/v2\/index.php?rest_route=\/wp\/v2\/posts"}],"about":[{"href":"https:\/\/www.turistamagazine.com\/v2\/index.php?rest_route=\/wp\/v2\/types\/post"}],"author":[{"embeddable":true,"href":"https:\/\/www.turistamagazine.com\/v2\/index.php?rest_route=\/wp\/v2\/users\/1"}],"replies":[{"embeddable":true,"href":"https:\/\/www.turistamagazine.com\/v2\/index.php?rest_route=%2Fwp%2Fv2%2Fcomments&post=32911"}],"version-history":[{"count":2,"href":"https:\/\/www.turistamagazine.com\/v2\/index.php?rest_route=\/wp\/v2\/posts\/32911\/revisions"}],"predecessor-version":[{"id":32938,"href":"https:\/\/www.turistamagazine.com\/v2\/index.php?rest_route=\/wp\/v2\/posts\/32911\/revisions\/32938"}],"wp:attachment":[{"href":"https:\/\/www.turistamagazine.com\/v2\/index.php?rest_route=%2Fwp%2Fv2%2Fmedia&parent=32911"}],"wp:term":[{"taxonomy":"category","embeddable":true,"href":"https:\/\/www.turistamagazine.com\/v2\/index.php?rest_route=%2Fwp%2Fv2%2Fcategories&post=32911"},{"taxonomy":"post_tag","embeddable":true,"href":"https:\/\/www.turistamagazine.com\/v2\/index.php?rest_route=%2Fwp%2Fv2%2Ftags&post=32911"}],"curies":[{"name":"wp","href":"https:\/\/api.w.org\/{rel}","templated":true}]}}