{"id":32652,"date":"2017-12-10T14:17:14","date_gmt":"2017-12-10T19:17:14","guid":{"rendered":"http:\/\/www.turistamagazine.com\/v2\/?p=32652"},"modified":"2017-12-10T14:17:14","modified_gmt":"2017-12-10T19:17:14","slug":"el-vaticano-expresa-preocupacion-por-crisis-en-jerusalen-e-insta-a-una-solucion-negociada","status":"publish","type":"post","link":"https:\/\/www.turistamagazine.com\/v2\/?p=32652","title":{"rendered":"EL VATICANO EXPRESA PREOCUPACI\u00d3N POR CRISIS EN JERUSAL\u00c9N E INSTA A UNA SOLUCI\u00d3N NEGOCIADA"},"content":{"rendered":"<p style=\"text-align: justify;\">10\/ 12\/ 2017\/VATICANO.-.A trav\u00e9s de su Oficina de Prensa, la Santa Sede ha comunicado que \u201csigue con atenci\u00f3n el desarrollo de la situaci\u00f3n en Oriente Medio, especialmente en Jerusal\u00e9n, ciudad sagrada para los cristianos, hebreos y musulmanes de todo el mundo\u201d.<\/p>\n<p style=\"text-align: justify;\">El Vaticano expresa su <span style=\"color: #000080;\"><strong><em>\u00abdolor por los desencuentros que en los \u00faltimos d\u00edas han causado v\u00edctimas\u00bb<\/em><\/strong><\/span> y manifiesta que <span style=\"color: #000080;\"><strong><em>\u00abel Santo Padre renueva su llamado a la sabidur\u00eda y a la prudencia de todos y eleva fervientes oraciones para que los responsables de las naciones, en este momento de particular gravedad, se comprometan a evitar una nueva espiral de violencia, respondiendo con palabras y hechos, a los anhelos de paz, de justicia y de seguridad de las poblaciones de esa tierra maltratada\u201d.<\/em><\/strong><\/span><\/p>\n<p style=\"text-align: justify;\">En el comunicado, la Santa Sede tambi\u00e9n se\u00f1ala que las preocupaciones por las perspectivas de paz en la regi\u00f3n <span style=\"color: #000080;\"><strong><em>\u201cson objeto estos d\u00edas de varias iniciativa<\/em><\/strong>s\u201d, entre ellas <strong><em>\u201clas reuniones convocadas con urgencia por la Liga \u00c1rabe y la Organizaci\u00f3n para la cooperaci\u00f3n isl\u00e1mica\u201d.<\/em><\/strong><\/span><\/p>\n<p style=\"text-align: justify;\"><span style=\"color: #000080;\">\u201c<\/span><strong><em><span style=\"color: #000080;\">La Santa Sede \u2013contin\u00faa el comunicado\u2013 es sensible a dichas preocupaciones<\/span>\u201d<\/em><\/strong> por lo que <span style=\"color: #000080;\"><strong><em>\u201creitera la posici\u00f3n bien conocida del Papa Francisco sobre el singular car\u00e1cter de la Ciudad Santa y lo indispensable de respetar el status quo en conformidad con las deliberaciones de la Comunidad internacional y las repetidas solicitudes de las jerarqu\u00edas de las Iglesias y de las comunidades cristianas de Tierra Santa\u201d.<\/em><\/strong><\/span><\/p>\n<p style=\"text-align: justify;\">Adem\u00e1s, <span style=\"color: #000080;\"><strong><em>\u201creitera la propia convicci\u00f3n de que solo una soluci\u00f3n negociada entre israel\u00edes y palestinos puede llevar a una paz estable y duradera y garantizar la pac\u00edfica coexistencia de dos estados en el interior de los confines internacionalmente reconocidos\u201d.<\/em><\/strong><\/span><\/p>\n<p style=\"text-align: justify;\">El mi\u00e9rcoles 6 de diciembre, el Presidente de Estados Unidos, Donald Trump, anunci\u00f3 su decisi\u00f3n de trasladar la embajada de su pa\u00eds de Tel Aviv a Jerusal\u00e9n. Esto conlleva el reconocimiento estadounidense de la Ciudad Santa como capital de Israel, lo que ha generado fuertes enfrentamientos entre palestinos e israel\u00edes y ha causado ya algunos muertos.<\/p>\n<p style=\"text-align: justify;\">En concreto, algunos grupos palestinos han llamado a una nueva intifada, es decir, una nueva rebeli\u00f3n o levantamiento contra Israel.<\/p>\n<p style=\"text-align: justify;\">Numerosos pa\u00edses de todo el mundo han criticado la decisi\u00f3n de Trump, quien ha provocado una gran crisis en Oriente Medio.<\/p>\n<p style=\"text-align: justify;\">El estatuto de Jerusal\u00e9n es un asunto clave en el conflicto palestino-israel\u00ed, y ambas partes reivindican la ciudad como su capital. Durante a\u00f1os, los presidentes estadounidenses han dejado la sede diplom\u00e1tica en Tel Aviv, como la mayor\u00eda de las naciones del mundo, y no la han querido trasladar a Jerusal\u00e9n.<\/p>\n<p style=\"text-align: justify;\">Los palestinos y gran parte del mundo \u00e1rabe y musulm\u00e1n no aceptan que sea capital israel\u00ed porque, adem\u00e1s del tema territorial en disputa, tambi\u00e9n en Jerusal\u00e9n se encuentra el tercer lugar m\u00e1s sagrado del islam, la Mezquita de Al Aqsa.<\/p>\n<p style=\"text-align: justify;\"><em><strong><span style=\"color: #000080;\">En la Audiencia General del 6 de diciembre, el Papa Francisco ya hizo un fuerte llamado a la paz y a buscar una soluci\u00f3n a la nueva crisis abierta por el presidente estadounidense.<\/span><\/strong><\/em><\/p>\n<p style=\"text-align: justify;\">F\/(ACI)<\/p>\n","protected":false},"excerpt":{"rendered":"<p>10\/ 12\/ 2017\/VATICANO.-.A trav\u00e9s de su Oficina de Prensa, la Santa Sede ha comunicado que \u201csigue con atenci\u00f3n el desarrollo de la situaci\u00f3n en Oriente Medio, especialmente en Jerusal\u00e9n, ciudad sagrada para los cristianos, hebreos y musulmanes de todo el mundo\u201d. El Vaticano expresa su \u00abdolor por los desencuentros que en los \u00faltimos d\u00edas han causado v\u00edctimas\u00bb y manifiesta que \u00abel Santo Padre renueva su llamado a la sabidur\u00eda y a la prudencia de todos y eleva fervientes oraciones para que los responsables de las naciones, en este momento de particular gravedad, se comprometan a evitar una nueva espiral de&#8230;<\/p>\n","protected":false},"author":1,"featured_media":0,"comment_status":"open","ping_status":"open","sticky":false,"template":"","format":"standard","meta":{"footnotes":""},"categories":[4,84],"tags":[1859,171,6132,7244],"class_list":["post-32652","post","type-post","status-publish","format-standard","hentry","category-breaking-news","category-internacionales","tag-israelies-y-palestinos","tag-papa-francisco","tag-portal-de-noticias-turistamagazine","tag-semanario-turistamagazine"],"_links":{"self":[{"href":"https:\/\/www.turistamagazine.com\/v2\/index.php?rest_route=\/wp\/v2\/posts\/32652","targetHints":{"allow":["GET"]}}],"collection":[{"href":"https:\/\/www.turistamagazine.com\/v2\/index.php?rest_route=\/wp\/v2\/posts"}],"about":[{"href":"https:\/\/www.turistamagazine.com\/v2\/index.php?rest_route=\/wp\/v2\/types\/post"}],"author":[{"embeddable":true,"href":"https:\/\/www.turistamagazine.com\/v2\/index.php?rest_route=\/wp\/v2\/users\/1"}],"replies":[{"embeddable":true,"href":"https:\/\/www.turistamagazine.com\/v2\/index.php?rest_route=%2Fwp%2Fv2%2Fcomments&post=32652"}],"version-history":[{"count":1,"href":"https:\/\/www.turistamagazine.com\/v2\/index.php?rest_route=\/wp\/v2\/posts\/32652\/revisions"}],"predecessor-version":[{"id":32654,"href":"https:\/\/www.turistamagazine.com\/v2\/index.php?rest_route=\/wp\/v2\/posts\/32652\/revisions\/32654"}],"wp:attachment":[{"href":"https:\/\/www.turistamagazine.com\/v2\/index.php?rest_route=%2Fwp%2Fv2%2Fmedia&parent=32652"}],"wp:term":[{"taxonomy":"category","embeddable":true,"href":"https:\/\/www.turistamagazine.com\/v2\/index.php?rest_route=%2Fwp%2Fv2%2Fcategories&post=32652"},{"taxonomy":"post_tag","embeddable":true,"href":"https:\/\/www.turistamagazine.com\/v2\/index.php?rest_route=%2Fwp%2Fv2%2Ftags&post=32652"}],"curies":[{"name":"wp","href":"https:\/\/api.w.org\/{rel}","templated":true}]}}