{"id":32592,"date":"2017-12-05T11:30:13","date_gmt":"2017-12-05T16:30:13","guid":{"rendered":"http:\/\/www.turistamagazine.com\/v2\/?p=32592"},"modified":"2017-12-05T11:30:52","modified_gmt":"2017-12-05T16:30:52","slug":"por-fin-una-buena-noticia-que-no-es-futbol-tenia-que-ser-mujer","status":"publish","type":"post","link":"https:\/\/www.turistamagazine.com\/v2\/?p=32592","title":{"rendered":"POR FIN UNA BUENA NOTICIA QUE NO ES F\u00daTBOL\u00a0 &#8211; TEN\u00cdA QUE SER MUJER"},"content":{"rendered":"<p style=\"text-align: justify;\"><em><strong><span style=\"color: #000080;\">FRA-CA-MENTE.-<\/span><\/strong><\/em> Gran benepl\u00e1cito, y orgullo sentimos esta ma\u00f1ana al o\u00edr una noticia de trascendencia en el \u00e1mbito internacional, que pone al Per\u00fa realmente en vitrina positiva\u2026 <em><strong><span style=\"color: #000080;\">Es nada menos que el reconocimiento de una mujer peruana, profesional, competente \u00a0y sobre todo honorable.<\/span><\/strong><\/em><\/p>\n<p style=\"text-align: justify;\">La fiscal peruana \u00a0Luz del Carmen Ib\u00e1\u00f1ez fue elegida como jueza de la Corte Penal Internacional y es la primera vez que una compatriota llega por m\u00e9ritos propios a ocupar tan alto cargo que durar\u00e1 nueve a\u00f1os&#8230;<\/p>\n<p style=\"text-align: justify;\">Nuestro gobierno la propuso con justo criterio, ya que ella ha desempe\u00f1ado una brillante trayectoria al frente de las Fiscal\u00edas Supranacionales de Terrorismo y Derechos Humanos de Per\u00fa, como coordinadora nacional,\u00a0 un trabajo dif\u00edcil \u00a0y espinoso. <em><strong><span style=\"color: #000080;\">Luz del Carmen Ib\u00e1\u00f1ez fue fiscal en el megaproceso contra el cabecilla de Sendero Luminoso, Abimael Guzm\u00e1n, y sus c\u00f3mplices, condenados en 1992 por terrorismo<\/span><\/strong><\/em>. Tambi\u00e9n promovi\u00f3 la investigaci\u00f3n de casos de violaci\u00f3n a los derechos humanos recogidos por la Comisi\u00f3n de la Verdad y Reconciliaci\u00f3n (CVR).<\/p>\n<p style=\"text-align: justify;\">La magistrada declar\u00f3 estar <strong><em><span style=\"color: #000080;\">\u00abmuy honrada porque pa\u00edses tan diversos, como de \u00c1frica y Europa del Este, nos han dado su confianza en la votaci\u00f3n, a una mujer peruana formada en el terreno de la defensa de los derechos humanos\u00bb.<\/span><\/em><\/strong><\/p>\n<p style=\"text-align: justify;\"><strong><em><span style=\"color: #000080;\">\u00abEsta elecci\u00f3n constituye un reconocimiento al compromiso del Per\u00fa con el Estado de Derecho, el derecho internacional, y la lucha contra la impunidad\u00bb<\/span><\/em><\/strong>, destac\u00f3 la Canciller\u00eda.<\/p>\n<p style=\"text-align: justify;\">Es una noticia que nos alegra la vida, despu\u00e9s de tanta violencia contra la mujer que se vive, no s\u00f3lo \u00a0en el Per\u00fa sino en muchos\u00a0 de los pa\u00edses que votaron por ella \u2026\u00a0 <em><strong><span style=\"color: #000080;\">Nuestras felicitaciones a esta peruana ilustre, que nos demuestra que con honradez, capacitaci\u00f3n y disciplina, tambi\u00e9n se consiguen los objetivos\u2026<\/span><\/strong><\/em> <strong><span style=\"color: #000080;\">FRAN-CA-MENTE.-<\/span><\/strong><\/p>\n<p><a href=\"https:\/\/www.turistamagazine.com\/v2\/wp-content\/uploads\/2017\/12\/noticia-portada-luz.png\"><img decoding=\"async\" class=\"aligncenter wp-image-32593\" src=\"https:\/\/www.turistamagazine.com\/v2\/wp-content\/uploads\/2017\/12\/noticia-portada-luz.png\" alt=\"\" width=\"500\" height=\"281\" \/><\/a><span class=\"irc_ho\" dir=\"ltr\">Foto\/Wapa.pe<\/span><\/p>\n","protected":false},"excerpt":{"rendered":"<p>FRA-CA-MENTE.- Gran benepl\u00e1cito, y orgullo sentimos esta ma\u00f1ana al o\u00edr una noticia de trascendencia en el \u00e1mbito internacional, que pone al Per\u00fa realmente en vitrina positiva\u2026 Es nada menos que el reconocimiento de una mujer peruana, profesional, competente \u00a0y sobre todo honorable. La fiscal peruana \u00a0Luz del Carmen Ib\u00e1\u00f1ez fue elegida como jueza de la Corte Penal Internacional y es la primera vez que una compatriota llega por m\u00e9ritos propios a ocupar tan alto cargo que durar\u00e1 nueve a\u00f1os&#8230; Nuestro gobierno la propuso con justo criterio, ya que ella ha desempe\u00f1ado una brillante trayectoria al frente de las Fiscal\u00edas Supranacionales&#8230;<\/p>\n","protected":false},"author":1,"featured_media":0,"comment_status":"open","ping_status":"open","sticky":false,"template":"","format":"standard","meta":{"footnotes":""},"categories":[346],"tags":[99,7755,7756,340,6132,749],"class_list":["post-32592","post","type-post","status-publish","format-standard","hentry","category-francamente","tag-elenita-villar","tag-francamente-5-de-diciembre-2017","tag-luz-del-carmen-ibanez","tag-peru","tag-portal-de-noticias-turistamagazine","tag-turistamagazine"],"_links":{"self":[{"href":"https:\/\/www.turistamagazine.com\/v2\/index.php?rest_route=\/wp\/v2\/posts\/32592","targetHints":{"allow":["GET"]}}],"collection":[{"href":"https:\/\/www.turistamagazine.com\/v2\/index.php?rest_route=\/wp\/v2\/posts"}],"about":[{"href":"https:\/\/www.turistamagazine.com\/v2\/index.php?rest_route=\/wp\/v2\/types\/post"}],"author":[{"embeddable":true,"href":"https:\/\/www.turistamagazine.com\/v2\/index.php?rest_route=\/wp\/v2\/users\/1"}],"replies":[{"embeddable":true,"href":"https:\/\/www.turistamagazine.com\/v2\/index.php?rest_route=%2Fwp%2Fv2%2Fcomments&post=32592"}],"version-history":[{"count":1,"href":"https:\/\/www.turistamagazine.com\/v2\/index.php?rest_route=\/wp\/v2\/posts\/32592\/revisions"}],"predecessor-version":[{"id":32594,"href":"https:\/\/www.turistamagazine.com\/v2\/index.php?rest_route=\/wp\/v2\/posts\/32592\/revisions\/32594"}],"wp:attachment":[{"href":"https:\/\/www.turistamagazine.com\/v2\/index.php?rest_route=%2Fwp%2Fv2%2Fmedia&parent=32592"}],"wp:term":[{"taxonomy":"category","embeddable":true,"href":"https:\/\/www.turistamagazine.com\/v2\/index.php?rest_route=%2Fwp%2Fv2%2Fcategories&post=32592"},{"taxonomy":"post_tag","embeddable":true,"href":"https:\/\/www.turistamagazine.com\/v2\/index.php?rest_route=%2Fwp%2Fv2%2Ftags&post=32592"}],"curies":[{"name":"wp","href":"https:\/\/api.w.org\/{rel}","templated":true}]}}