{"id":32541,"date":"2017-12-01T08:48:25","date_gmt":"2017-12-01T13:48:25","guid":{"rendered":"http:\/\/www.turistamagazine.com\/v2\/?p=32541"},"modified":"2017-12-01T09:00:16","modified_gmt":"2017-12-01T14:00:16","slug":"chan-chan-con-gran-lazo-humano-expresan-lucha-contra-el-sida","status":"publish","type":"post","link":"https:\/\/www.turistamagazine.com\/v2\/?p=32541","title":{"rendered":"CHAN CHAN: CON GRAN LAZO HUMANO EXPRESAN LUCHA CONTRA EL SIDA  \u00a0"},"content":{"rendered":"<p style=\"text-align: justify;\">01 \/12 \/ 2017\/Trujillo.- Una buena iniciativa. Con un lazo humano gigante formado en la ciudadela de barro Chan Chan, m\u00e1s de 160 trabajadores de diversas instituciones p\u00fablicas y privada expresaron la lucha contra el sida.<strong>\u00a0<\/strong><\/p>\n<p style=\"text-align: justify;\"><strong>T<\/strong>rabajadores del Complejo Arqueol\u00f3gico Chan Chan, la Gerencia Regional de Salud, Asociaci\u00f3n de Personas Positivas y la Municipalidad de La Esperanza participaron en torno al D\u00eda Internacional de la Acci\u00f3n contra el Sida.<\/p>\n<p style=\"text-align: justify;\">\u00a0Vestidos con polos rojos, aconsejaron no solo prevenir esa enfermedad, sino tambi\u00e9n pasar por la prueba de VIH, que es el virus que causa el sida, en caso la persona haya tenido alguna conducta de riesgo.<\/p>\n<p style=\"text-align: justify;\">\u00a0<span style=\"color: #000080;\"><em><strong>\u201cLo que busca el Ministerio de Cultura es ayudar a extender el mensaje con actividades como estas que nunca antes se hab\u00edan hecho en sitios arqueol\u00f3gicos\u201d<\/strong><\/em><\/span>, indic\u00f3 el subdirector de la Direcci\u00f3n Desconcentrada de Cultura, C\u00e9sar G\u00e1lvez.<\/p>\n<p>F\/ RPP<\/p>\n","protected":false},"excerpt":{"rendered":"<p>01 \/12 \/ 2017\/Trujillo.- Una buena iniciativa. Con un lazo humano gigante formado en la ciudadela de barro Chan Chan, m\u00e1s de 160 trabajadores de diversas instituciones p\u00fablicas y privada expresaron la lucha contra el sida.\u00a0 Trabajadores del Complejo Arqueol\u00f3gico Chan Chan, la Gerencia Regional de Salud, Asociaci\u00f3n de Personas Positivas y la Municipalidad de La Esperanza participaron en torno al D\u00eda Internacional de la Acci\u00f3n contra el Sida. \u00a0Vestidos con polos rojos, aconsejaron no solo prevenir esa enfermedad, sino tambi\u00e9n pasar por la prueba de VIH, que es el virus que causa el sida, en caso la persona haya&#8230;<\/p>\n","protected":false},"author":1,"featured_media":0,"comment_status":"open","ping_status":"open","sticky":false,"template":"","format":"standard","meta":{"footnotes":""},"categories":[4,82],"tags":[7744,99,6805,6132,749,2289],"class_list":["post-32541","post","type-post","status-publish","format-standard","hentry","category-breaking-news","category-nacionales","tag-dia-internacional-de-la-accion-contra-el-sida","tag-elenita-villar","tag-feinpretudi","tag-portal-de-noticias-turistamagazine","tag-turistamagazine","tag-vih"],"_links":{"self":[{"href":"https:\/\/www.turistamagazine.com\/v2\/index.php?rest_route=\/wp\/v2\/posts\/32541","targetHints":{"allow":["GET"]}}],"collection":[{"href":"https:\/\/www.turistamagazine.com\/v2\/index.php?rest_route=\/wp\/v2\/posts"}],"about":[{"href":"https:\/\/www.turistamagazine.com\/v2\/index.php?rest_route=\/wp\/v2\/types\/post"}],"author":[{"embeddable":true,"href":"https:\/\/www.turistamagazine.com\/v2\/index.php?rest_route=\/wp\/v2\/users\/1"}],"replies":[{"embeddable":true,"href":"https:\/\/www.turistamagazine.com\/v2\/index.php?rest_route=%2Fwp%2Fv2%2Fcomments&post=32541"}],"version-history":[{"count":3,"href":"https:\/\/www.turistamagazine.com\/v2\/index.php?rest_route=\/wp\/v2\/posts\/32541\/revisions"}],"predecessor-version":[{"id":32545,"href":"https:\/\/www.turistamagazine.com\/v2\/index.php?rest_route=\/wp\/v2\/posts\/32541\/revisions\/32545"}],"wp:attachment":[{"href":"https:\/\/www.turistamagazine.com\/v2\/index.php?rest_route=%2Fwp%2Fv2%2Fmedia&parent=32541"}],"wp:term":[{"taxonomy":"category","embeddable":true,"href":"https:\/\/www.turistamagazine.com\/v2\/index.php?rest_route=%2Fwp%2Fv2%2Fcategories&post=32541"},{"taxonomy":"post_tag","embeddable":true,"href":"https:\/\/www.turistamagazine.com\/v2\/index.php?rest_route=%2Fwp%2Fv2%2Ftags&post=32541"}],"curies":[{"name":"wp","href":"https:\/\/api.w.org\/{rel}","templated":true}]}}