{"id":32489,"date":"2017-11-28T10:39:30","date_gmt":"2017-11-28T15:39:30","guid":{"rendered":"http:\/\/www.turistamagazine.com\/v2\/?p=32489"},"modified":"2017-11-28T10:39:30","modified_gmt":"2017-11-28T15:39:30","slug":"trump-llama-pocahontas-a-una-senadora-frente-a-veteranos-indigenas","status":"publish","type":"post","link":"https:\/\/www.turistamagazine.com\/v2\/?p=32489","title":{"rendered":"TRUMP LLAMA POCAHONTAS A UNA SENADORA FRENTE A VETERANOS IND\u00cdGENAS"},"content":{"rendered":"<p style=\"text-align: justify;\">28\/11\/2017\/ EE.UU.-El presidente de los Estados Unidos, Donald Trump, se refiri\u00f3 a la senadora dem\u00f3crata Elizabeth Warren como <span style=\"color: #000080;\"><strong><em>\u00abPocahontas\u00bb<\/em><\/strong><\/span> frente a un grupo de veteranos nativo-americanos que fueron homenajeados este lunes en la Casa Blanca.<\/p>\n<p style=\"text-align: justify;\"><span style=\"color: #000080;\"><strong><em>\u00abUstedes estuvieron aqu\u00ed mucho antes de que nosotros estuvi\u00e9ramos aqu\u00ed\u00bb,<\/em><\/strong><\/span> dijo Trump a uno de los veteranos. <span style=\"color: #000080;\"><strong><em>\u00abSin embargo, tenemos una representante en el Congreso que ellos dicen estuvo aqu\u00ed mucho tiempo atr\u00e1s. La llamamos &#8216;Pocahontas'\u00bb.<\/em><\/strong><\/span><\/p>\n<p style=\"text-align: justify;\">Los comentarios del presidente fueron realizados en la Oficina Oval junto a tres veteranos que colaboraron con la Armada de EE.UU. durante la Segunda Guerra Mundial.<\/p>\n<p style=\"text-align: justify;\">Por menciones anteriores, el apodo supuso una clara alusi\u00f3n a la senadora Warren, a la que el mandatario ha llamado as\u00ed desde los inicios de su campa\u00f1a presidencial, luego de que la pol\u00edtica asegur\u00f3 que ten\u00eda ascendencia ind\u00edgena.<\/p>\n<p style=\"text-align: justify;\">Seg\u00fan recogen medios locales, la senadora se ha pronunciado al respecto afirmando que los comentarios de Trump fueron <span style=\"color: #000080;\"><strong><em>\u00abprofundamente desafortunados\u00bb.<\/em><\/strong><\/span><\/p>\n<p style=\"text-align: justify;\"><span style=\"color: #000080;\"><strong><em>\u00abSe esperaba que esto fuera un evento para honrar a h\u00e9roes, gente que dio todo por nuestro pa\u00eds<\/em><\/strong> <strong><em>(&#8230;) Es profundamente desafortunado que el presidente de EE.UU. no pueda incluso llevar adelante una ceremonia para honrar a estos h\u00e9roes sin tener que hacer insultos racistas<\/em><\/strong><\/span>\u00ab, declar\u00f3.<\/p>\n<p style=\"text-align: justify;\">Minutos despu\u00e9s del suceso, una portavoz de la Administraci\u00f3n defendi\u00f3 el comentario de Trump indicando que <span style=\"color: #000080;\"><strong><em>\u201clo que la mayor\u00eda de la gente encuentra ofensivo es que la senadora Warren mintiera sobre su herencia ind\u00edgena para sacar provecho en su carrera\u201d.<\/em><\/strong><\/span><\/p>\n<p style=\"text-align: justify;\">Las acusaciones de racismo son<strong><em><span style=\"color: #000080;\"> \u201crid\u00edculas\u201d<\/span>,<\/em><\/strong> acot\u00f3 la funcionaria, quien recalc\u00f3 que Trump honra a la comunidad ind\u00edgena y por eso invit\u00f3 a los veteranos al acto de la Casa Blanca.<\/p>\n<p style=\"text-align: justify;\">Con la referencia a <strong><em><span style=\"color: #000080;\">Pocahonta<\/span>s,<\/em><\/strong> Trump se remonta a una pol\u00e9mica surgida en 2012, cuando Warren aspiraba al Senado. En ese momento, se le acus\u00f3 de haber puesto erradamente en su postulaci\u00f3n a Harvard University que ten\u00eda linaje ind\u00edgena y se le exigi\u00f3 que demostrara que esto era cierto.<\/p>\n<p style=\"text-align: justify;\">Seg\u00fan recoge Univisi\u00f3n, Warren dedic\u00f3 un cap\u00edtulo de un libro que escribi\u00f3 despu\u00e9s \u2013 A Fighting Chance\u2013 a esta controversia. Explic\u00f3 que <span style=\"color: #000080;\"><strong><em>\u00abtodos sus familiares maternos, t\u00edas, t\u00edos y abuelos, hablaron abiertamente sobre sus ancestros nativos\u00bb.<\/em><\/strong><\/span><\/p>\n<p><strong><em>F\/ Ciber cuba<\/em><\/strong><\/p>\n<p><strong><em>F\/ <span class=\"irc_ho\" dir=\"ltr\">Hola Lleida Diari<\/span><\/em><\/strong><\/p>\n","protected":false},"excerpt":{"rendered":"<p>28\/11\/2017\/ EE.UU.-El presidente de los Estados Unidos, Donald Trump, se refiri\u00f3 a la senadora dem\u00f3crata Elizabeth Warren como \u00abPocahontas\u00bb frente a un grupo de veteranos nativo-americanos que fueron homenajeados este lunes en la Casa Blanca. \u00abUstedes estuvieron aqu\u00ed mucho antes de que nosotros estuvi\u00e9ramos aqu\u00ed\u00bb, dijo Trump a uno de los veteranos. \u00abSin embargo, tenemos una representante en el Congreso que ellos dicen estuvo aqu\u00ed mucho tiempo atr\u00e1s. La llamamos &#8216;Pocahontas&#8217;\u00bb. Los comentarios del presidente fueron realizados en la Oficina Oval junto a tres veteranos que colaboraron con la Armada de EE.UU. durante la Segunda Guerra Mundial. Por menciones anteriores,&#8230;<\/p>\n","protected":false},"author":1,"featured_media":32490,"comment_status":"open","ping_status":"open","sticky":false,"template":"","format":"standard","meta":{"footnotes":""},"categories":[4,84],"tags":[4537,99,6132,749],"class_list":["post-32489","post","type-post","status-publish","format-standard","has-post-thumbnail","hentry","category-breaking-news","category-internacionales","tag-donald-j-trump","tag-elenita-villar","tag-portal-de-noticias-turistamagazine","tag-turistamagazine"],"_links":{"self":[{"href":"https:\/\/www.turistamagazine.com\/v2\/index.php?rest_route=\/wp\/v2\/posts\/32489","targetHints":{"allow":["GET"]}}],"collection":[{"href":"https:\/\/www.turistamagazine.com\/v2\/index.php?rest_route=\/wp\/v2\/posts"}],"about":[{"href":"https:\/\/www.turistamagazine.com\/v2\/index.php?rest_route=\/wp\/v2\/types\/post"}],"author":[{"embeddable":true,"href":"https:\/\/www.turistamagazine.com\/v2\/index.php?rest_route=\/wp\/v2\/users\/1"}],"replies":[{"embeddable":true,"href":"https:\/\/www.turistamagazine.com\/v2\/index.php?rest_route=%2Fwp%2Fv2%2Fcomments&post=32489"}],"version-history":[{"count":1,"href":"https:\/\/www.turistamagazine.com\/v2\/index.php?rest_route=\/wp\/v2\/posts\/32489\/revisions"}],"predecessor-version":[{"id":32491,"href":"https:\/\/www.turistamagazine.com\/v2\/index.php?rest_route=\/wp\/v2\/posts\/32489\/revisions\/32491"}],"wp:featuredmedia":[{"embeddable":true,"href":"https:\/\/www.turistamagazine.com\/v2\/index.php?rest_route=\/wp\/v2\/media\/32490"}],"wp:attachment":[{"href":"https:\/\/www.turistamagazine.com\/v2\/index.php?rest_route=%2Fwp%2Fv2%2Fmedia&parent=32489"}],"wp:term":[{"taxonomy":"category","embeddable":true,"href":"https:\/\/www.turistamagazine.com\/v2\/index.php?rest_route=%2Fwp%2Fv2%2Fcategories&post=32489"},{"taxonomy":"post_tag","embeddable":true,"href":"https:\/\/www.turistamagazine.com\/v2\/index.php?rest_route=%2Fwp%2Fv2%2Ftags&post=32489"}],"curies":[{"name":"wp","href":"https:\/\/api.w.org\/{rel}","templated":true}]}}