{"id":32429,"date":"2017-11-23T22:04:58","date_gmt":"2017-11-24T03:04:58","guid":{"rendered":"http:\/\/www.turistamagazine.com\/v2\/?p=32429"},"modified":"2017-11-27T15:37:39","modified_gmt":"2017-11-27T20:37:39","slug":"intimidad","status":"publish","type":"post","link":"https:\/\/www.turistamagazine.com\/v2\/?p=32429","title":{"rendered":"INTIMIDAD"},"content":{"rendered":"<p style=\"text-align: justify;\">Por Elena Villar*<\/p>\n<p style=\"text-align: justify;\">La palabra intimidad deriva del\u00a0 lat\u00edn y m\u00e1s exactamente del adverbio <span style=\"color: #000080;\"><strong><em>intus,<\/em><\/strong><\/span> que es equivalente a <strong><span style=\"color: #000080;\"><em>\u201cdentro\u201d, por lo tanto es algo \u00fanico y perteneciente a cada ser, precisamente por esa interioridad se tiene la obligaci\u00f3n de conservarla, la intimidad es la soledad con uno mismo&#8230;<\/em><\/span><\/strong><span style=\"color: #000080;\"><em><strong>como puede ser un momento de meditaci\u00f3n o de uni\u00f3n con Dios, o con alguien o algo en quien se crea<\/strong><\/em><\/span><\/p>\n<p style=\"text-align: justify;\">La intimidad es la zona abstracta y subjetiva\u00a0\u00a0 que cada persona le pone l\u00edmites, y sabe con qui\u00e9n la comparte. No obstante en el momento que se comparte deja de ser \u00edntimo.<\/p>\n<p style=\"text-align: justify;\">La vida nos suele llevar a veces\u00a0 por situaciones tan controversiales, que muchas veces la persona a la cual\u00a0 le\u00a0 confiamos nuestra intimidad, se convierte en la peor enemiga, y esa intimidad tan preservada se convierte en un secretos a voces\u2026<\/p>\n<p style=\"text-align: justify;\">En nuestro pa\u00eds, recientemente se ha aprobado una ley que condena a 2 a\u00f1os de prisi\u00f3n a la persona que publique en internet, fotos o videos comprometedores\u00a0 \u00edntimos\u2026 Ciertamente con esa ley se quiere minimizar en algo tanta violencia contra la mujer, ya que la violencia no s\u00f3lo se refleja en el cuerpo, lo peor es la violencias soterrada, psicol\u00f3gica. <em><strong><span style=\"color: #000080;\">No hay \u00a0efecto m\u00e1s destructor\u00a0 que el \u00a0que se ponga en evidencia cualquier debilidad o carencia del ser humano, y cuando decimos ser humano, no estamos haciendo diferencia de g\u00e9nero.<\/span><\/strong><\/em><\/p>\n<p style=\"text-align: justify;\">Indudablemente, al referirse a videos \u00edntimos se est\u00e1n refiriendo a los\u00a0 videos que se est\u00e1n <em><strong><span style=\"color: #000080;\">\u201cpopularizando<\/span><\/strong><\/em>\u201d entre\u00a0 parejas que practican <strong><span style=\"color: #000080;\"><em>\u201cgimnasia\u201d\u2026 Porque llamemos a las cosas por su nombre \u201cel amor no se hace\u201d \u201cel amor se siente\u201d\u00a0<\/em> <\/span><\/strong>se construye en base a m\u00faltiples factores, en los que debe primar\u00a0 el respeto por el otro con el cual se comparte ese hermoso sentimiento, y\u00a0 no necesita filmaciones.<\/p>\n<p style=\"text-align: justify;\">El uso y abuso de las redes sociales, la impunidad que\u00a0 otorga,\u00a0 debe de ser un llamado de atenci\u00f3n para los millones de personas que les gusta tener este tipo de\u00a0 recuerdos,\u00a0 pensamos y es muy personal por cierto, que a nadie le gusta ser filmado en realidades donde no es due\u00f1o de la situaci\u00f3n, entonces\u00a0 \u00bfA qu\u00e9 filmar momentos \u00edntimos?, puesto que si \u00a0ya est\u00e1n en un film, ya dejaron de ser \u00edntimos\u2026<\/p>\n<p style=\"text-align: justify;\">La tan menoscabada\u00a0 frase <span style=\"color: #000080;\"><strong><em>\u201csolo te lo cuento a ti y no se lo cuentes a nadie\u201d<\/em><\/strong><\/span> desde que sali\u00f3 de su intimidad\u00a0 ya lo est\u00e1 haciendo p\u00fablico,\u00a0 puesto \u00a0que salvo la madre que no traiciona a su prole, se convertir\u00e1 en\u00a0 un secreto a voces, y el mensaje se ira transformando en la medida que cambie de receptor, entonces \u00bfDe qu\u00e9 intimidad estamos hablando?<\/p>\n<p style=\"text-align: justify;\">Es muy ciertp que las relaciones entre los seres humanos cambia con el tiempo, por infinidad de circunstancias, algunas se hacen m\u00e1s fuerte e imperecederas, otras se diluyen en el tiempo y el espacio.<\/p>\n<p style=\"text-align: justify;\">Es\u00a0 bueno\u00a0 informarles que por ejemplo, en Espa\u00f1a la intimidad est\u00e1 considerada como un derecho fundamental. As\u00ed, aparece recogido en el art\u00edculo 18 de la Constituci\u00f3n Espa\u00f1ola de 1978, donde queda constancia de varios aspectos importantes tales como los siguientes en relaci\u00f3n a aquel:<\/p>\n<ul style=\"text-align: justify;\">\n<li>Que est\u00e1 garantizado, salvo que exista una resoluci\u00f3n judicial contraria, lo que es el secreto de las comunicaciones (telef\u00f3nicas, de correo postal, telegr\u00e1ficas\u2026).<\/li>\n<li>Que la intimidad es un derecho inviolable y que, como tal, est\u00e1 garantizado por la norma jur\u00eddica del Estado.<\/li>\n<li>Que la legislaci\u00f3n existente en el pa\u00eds se encargar\u00e1, entre otras muchas cosas, de limitar en la medida que sea necesaria lo que es el uso de la inform\u00e1tica para que no se puedan vulnerar la intimidad o incluso el honor.<\/li>\n<\/ul>\n<p style=\"text-align: justify;\">Finalmente, como se lo coment\u00e9 a mis alumnos porque nos parece un deber alertarlos sobre las posible consecuencia de estas pr\u00e1cticas, entre los j\u00f3venes y no tan j\u00f3venes \u00bfA \u00a0qui\u00e9n le interesa ver a X practicando gimnasia al ritmo que sea?\u2026<\/p>\n<p style=\"text-align: justify;\"><strong><em><span style=\"color: #000080;\">Intimidad significa tuyo, tu ser intr\u00ednseco e indiscutible, salvo error u omisi\u00f3n\u2026<\/span><\/em><\/strong><\/p>\n<p style=\"text-align: justify;\">Magister en Marketing Tur\u00edstico.<\/p>\n<p>&nbsp;<\/p>\n<p>&nbsp;<\/p>\n","protected":false},"excerpt":{"rendered":"<p>Por Elena Villar* La palabra intimidad deriva del\u00a0 lat\u00edn y m\u00e1s exactamente del adverbio intus, que es equivalente a \u201cdentro\u201d, por lo tanto es algo \u00fanico y perteneciente a cada ser, precisamente por esa interioridad se tiene la obligaci\u00f3n de conservarla, la intimidad es la soledad con uno mismo&#8230;como puede ser un momento de meditaci\u00f3n o de uni\u00f3n con Dios, o con alguien o algo en quien se crea La intimidad es la zona abstracta y subjetiva\u00a0\u00a0 que cada persona le pone l\u00edmites, y sabe con qui\u00e9n la comparte. No obstante en el momento que se comparte deja de ser&#8230;<\/p>\n","protected":false},"author":1,"featured_media":0,"comment_status":"open","ping_status":"open","sticky":false,"template":"","format":"standard","meta":{"footnotes":""},"categories":[90],"tags":[99,7731,340,6132,749],"class_list":["post-32429","post","type-post","status-publish","format-standard","hentry","category-pensando-en-voz-alta","tag-elenita-villar","tag-intimidad","tag-peru","tag-portal-de-noticias-turistamagazine","tag-turistamagazine"],"_links":{"self":[{"href":"https:\/\/www.turistamagazine.com\/v2\/index.php?rest_route=\/wp\/v2\/posts\/32429","targetHints":{"allow":["GET"]}}],"collection":[{"href":"https:\/\/www.turistamagazine.com\/v2\/index.php?rest_route=\/wp\/v2\/posts"}],"about":[{"href":"https:\/\/www.turistamagazine.com\/v2\/index.php?rest_route=\/wp\/v2\/types\/post"}],"author":[{"embeddable":true,"href":"https:\/\/www.turistamagazine.com\/v2\/index.php?rest_route=\/wp\/v2\/users\/1"}],"replies":[{"embeddable":true,"href":"https:\/\/www.turistamagazine.com\/v2\/index.php?rest_route=%2Fwp%2Fv2%2Fcomments&post=32429"}],"version-history":[{"count":4,"href":"https:\/\/www.turistamagazine.com\/v2\/index.php?rest_route=\/wp\/v2\/posts\/32429\/revisions"}],"predecessor-version":[{"id":32488,"href":"https:\/\/www.turistamagazine.com\/v2\/index.php?rest_route=\/wp\/v2\/posts\/32429\/revisions\/32488"}],"wp:attachment":[{"href":"https:\/\/www.turistamagazine.com\/v2\/index.php?rest_route=%2Fwp%2Fv2%2Fmedia&parent=32429"}],"wp:term":[{"taxonomy":"category","embeddable":true,"href":"https:\/\/www.turistamagazine.com\/v2\/index.php?rest_route=%2Fwp%2Fv2%2Fcategories&post=32429"},{"taxonomy":"post_tag","embeddable":true,"href":"https:\/\/www.turistamagazine.com\/v2\/index.php?rest_route=%2Fwp%2Fv2%2Ftags&post=32429"}],"curies":[{"name":"wp","href":"https:\/\/api.w.org\/{rel}","templated":true}]}}