{"id":32387,"date":"2017-11-21T11:09:54","date_gmt":"2017-11-21T16:09:54","guid":{"rendered":"http:\/\/www.turistamagazine.com\/v2\/?p=32387"},"modified":"2017-11-21T11:09:54","modified_gmt":"2017-11-21T16:09:54","slug":"querida-helen","status":"publish","type":"post","link":"https:\/\/www.turistamagazine.com\/v2\/?p=32387","title":{"rendered":"Querida Helen"},"content":{"rendered":"<p style=\"text-align: justify;\"><span style=\"color: #000080;\"><em><a href=\"https:\/\/www.turistamagazine.com\/v2\/wp-content\/uploads\/2015\/09\/Alfonsina1.jpg\"><img decoding=\"async\" class=\"wp-image-16097 size-thumbnail alignleft\" src=\"https:\/\/www.turistamagazine.com\/v2\/wp-content\/uploads\/2015\/09\/Alfonsina1-150x150.jpg\" alt=\"\" width=\"150\" height=\"150\" \/><\/a>Felicitaciones, tu Semanario desprende por sus cuatro lados peruanidad.\u00a0 Esa entrega total de la gente que llama la atenci\u00f3n. As\u00ed lo coment\u00f3 extra\u00f1ado <\/em><em>\u200b<\/em><em>el refer<\/em><em>\u00ed<\/em><em> europeo. No comprend<\/em><em>\u00ed<\/em><em>a el entusiasmo de los peruanos. En Europa, dijo, no se ve tal cosa. M<\/em><em>\u00e1<\/em><em>s que los seleccionados era impresionante la vitalidad\u00a0 de los peruanos. S\u00f3lo que \u00e9l debe haber pensado como todos que a lo mejor era el resultado de 36 a\u00f1os que el Per\u00fa no asist\u00eda a un mundial. A m\u00ed me parece que el fen\u00f3meno va m\u00e1s lejos. Todos estamos cansados de tanta corrupci\u00f3n en la pol\u00edtica y en la administraci\u00f3n p\u00fablica, y el abuso de los poderes , que ese desencanto se ha volcado al f\u00fatbol. No queremos m\u00e1s frustraciones, m\u00e1s golpes con las acciones deshonestas, m\u00e1s abandono, queremos triunfar sobre ese paquete negativo y aunque sea una selecci\u00f3n que no son h\u00e9roes sino un grupo\u00a0 que ha trabajado bien y al \u00faltimo lo han hecho mejor; -al principio parec\u00edan jugadores de papel que solo caminaban-; hasta los \u00faltimos\u00a0 partidos en que se han animado, y en Lima\u00a0 \u00a0han corrido como como nunca. El amor por el pa\u00eds, por las cosas bien hechas sali\u00f3 por fin a flor de piel. Bendito Per\u00fa que ha unido todos sus pedazos rotos para unificarse aunque sea para este deporte cuando falta atenci\u00f3n por todo lo nuestro y por todos nosotros.\u00a0<\/em><\/span><\/p>\n<p style=\"text-align: justify;\"><strong><span style=\"color: #000080;\"><em>\u00a1Muy bien, Helen. Nos hemos contagiado de estos j\u00fabilos por los ocultos que no salen fuera. Ojal\u00e1 lo entendieran\u00a0 esas fuerzas negativas que manejan la vida de nuestro amado pa\u00eds y no lo dejan avanzar.<\/em><\/span><\/strong><\/p>\n<p><strong><span style=\"color: #000080;\"><em>Alfonsina<\/em><em>\u200b<\/em><\/span><\/strong><\/p>\n<p><strong><span style=\"color: #000080;\"><em>Dra. Alfonsina Barrionuevo<\/em><\/span><\/strong><\/p>\n<p><strong><span style=\"color: #000080;\">Periodista\u00a0<\/span><\/strong><\/p>\n<p><strong><span style=\"color: #000080;\">Escritora\u00a0<\/span><\/strong><\/p>\n<p><strong><span style=\"color: #000080;\">Abogada\u00a0<\/span><\/strong><\/p>\n","protected":false},"excerpt":{"rendered":"<p>Felicitaciones, tu Semanario desprende por sus cuatro lados peruanidad.\u00a0 Esa entrega total de la gente que llama la atenci\u00f3n. As\u00ed lo coment\u00f3 extra\u00f1ado \u200bel refer\u00ed europeo. No comprend\u00eda el entusiasmo de los peruanos. En Europa, dijo, no se ve tal cosa. M\u00e1s que los seleccionados era impresionante la vitalidad\u00a0 de los peruanos. S\u00f3lo que \u00e9l debe haber pensado como todos que a lo mejor era el resultado de 36 a\u00f1os que el Per\u00fa no asist\u00eda a un mundial. A m\u00ed me parece que el fen\u00f3meno va m\u00e1s lejos. Todos estamos cansados de tanta corrupci\u00f3n en la pol\u00edtica y en la&#8230;<\/p>\n","protected":false},"author":1,"featured_media":0,"comment_status":"open","ping_status":"open","sticky":false,"template":"","format":"standard","meta":{"footnotes":""},"categories":[97],"tags":[1261,7471,6132,117,330,749],"class_list":["post-32387","post","type-post","status-publish","format-standard","hentry","category-nos-escriben","tag-alfonsina-barrionuevo","tag-elenita-villar-asesora-de-tesis-en-turismo","tag-portal-de-noticias-turistamagazine","tag-promocion-turistica","tag-turismo-en-el-peru","tag-turistamagazine"],"_links":{"self":[{"href":"https:\/\/www.turistamagazine.com\/v2\/index.php?rest_route=\/wp\/v2\/posts\/32387","targetHints":{"allow":["GET"]}}],"collection":[{"href":"https:\/\/www.turistamagazine.com\/v2\/index.php?rest_route=\/wp\/v2\/posts"}],"about":[{"href":"https:\/\/www.turistamagazine.com\/v2\/index.php?rest_route=\/wp\/v2\/types\/post"}],"author":[{"embeddable":true,"href":"https:\/\/www.turistamagazine.com\/v2\/index.php?rest_route=\/wp\/v2\/users\/1"}],"replies":[{"embeddable":true,"href":"https:\/\/www.turistamagazine.com\/v2\/index.php?rest_route=%2Fwp%2Fv2%2Fcomments&post=32387"}],"version-history":[{"count":1,"href":"https:\/\/www.turistamagazine.com\/v2\/index.php?rest_route=\/wp\/v2\/posts\/32387\/revisions"}],"predecessor-version":[{"id":32388,"href":"https:\/\/www.turistamagazine.com\/v2\/index.php?rest_route=\/wp\/v2\/posts\/32387\/revisions\/32388"}],"wp:attachment":[{"href":"https:\/\/www.turistamagazine.com\/v2\/index.php?rest_route=%2Fwp%2Fv2%2Fmedia&parent=32387"}],"wp:term":[{"taxonomy":"category","embeddable":true,"href":"https:\/\/www.turistamagazine.com\/v2\/index.php?rest_route=%2Fwp%2Fv2%2Fcategories&post=32387"},{"taxonomy":"post_tag","embeddable":true,"href":"https:\/\/www.turistamagazine.com\/v2\/index.php?rest_route=%2Fwp%2Fv2%2Ftags&post=32387"}],"curies":[{"name":"wp","href":"https:\/\/api.w.org\/{rel}","templated":true}]}}