{"id":32306,"date":"2017-11-15T21:01:14","date_gmt":"2017-11-16T02:01:14","guid":{"rendered":"http:\/\/www.turistamagazine.com\/v2\/?p=32306"},"modified":"2017-11-15T21:01:14","modified_gmt":"2017-11-16T02:01:14","slug":"elaboran-el-telar-y-queso-mas-grande-del-mundo-en-provincia-de-espinar-cusco","status":"publish","type":"post","link":"https:\/\/www.turistamagazine.com\/v2\/?p=32306","title":{"rendered":"ELABORAN EL TELAR Y QUESO M\u00c1S GRANDE DEL MUNDO EN PROVINCIA DE ESPINAR, CUSCO."},"content":{"rendered":"<p style=\"text-align: justify;\">15 \/ 11\/ 2017\/ Cusco.-Durante tres meses, tejedoras de 12 asociaciones de artesanos de los distritos de Alto Pichigua, Ocoruro, Pichigua y Espinar, en Cusco, trabajaron en la confecci\u00f3n del telar centenario, considerado el m\u00e1s grande que se haya tejido a escala mundial. Mide 17 metros de largo por 7 de ancho.<\/p>\n<p style=\"text-align: justify;\">Junto a las 35 tejedoras participaron la planta de fibra de alpaca y lana de ovino (Filasac) y la minera Antapaccay, a trav\u00e9s del Convenio Marco.<\/p>\n<p style=\"text-align: justify;\">Los organizadores destacaron que este telar gigante es un saludo del pueblo Espinar al mundo y est\u00e1 elaborado con lana de ovino, tejido con diversas t\u00e9cnicas ancestrales como pallay, tejido plano, bordado, fieltro, tejido a mano y estilo tapiz.<\/p>\n<p style=\"text-align: justify;\">Cada una de las figuras del Telar Centenario representa la cultura viva, tradici\u00f3n, biodiversidad, riqueza y potencial espinarense, elementos que han forjado y marcado la historia de Espinar en sus 100 a\u00f1os, afirm\u00f3 Rildo Huilcahuam\u00e1n, encargado de la Planta de Fibra de Alpaca y Lana de Ovino de Espinar, megaproyecto implementado por la minera Antapaccay desde el 2014.<\/p>\n<p><span style=\"color: #000080;\"><strong><em>El queso m\u00e1s grande de la regi\u00f3n sur<\/em><\/strong><\/span><\/p>\n<p><a href=\"https:\/\/www.turistamagazine.com\/v2\/wp-content\/uploads\/2017\/11\/El-queso-m\u00e1s-grande.jpg\"><img decoding=\"async\" class=\"aligncenter wp-image-32308 size-full\" src=\"https:\/\/www.turistamagazine.com\/v2\/wp-content\/uploads\/2017\/11\/El-queso-m\u00e1s-grande.jpg\" alt=\"\" width=\"500\" height=\"333\" srcset=\"https:\/\/www.turistamagazine.com\/v2\/wp-content\/uploads\/2017\/11\/El-queso-m\u00e1s-grande.jpg 500w, https:\/\/www.turistamagazine.com\/v2\/wp-content\/uploads\/2017\/11\/El-queso-m\u00e1s-grande-300x200.jpg 300w\" sizes=\"(max-width: 500px) 100vw, 500px\" \/><\/a><\/p>\n<p style=\"text-align: justify;\">Y para no quedarse atr\u00e1s, los productores ganaderos de las comunidades Quetara, Humahuala, Tahuapalca, Alto Pichigua y personal de la Planta de L\u00e1cteos de Espinar (Placme) elaboraron con 3,000 litros de leche, el denominado Queso Centenario, el cual tiene 1 metro de di\u00e1metro, 50 cm de alto y pesa 350 kilos.<\/p>\n<p style=\"text-align: justify;\">Entre m\u00fasica y alegr\u00eda, una comparsa conformada por los ganaderos de Tahuapalca, Huayhuahuasi, Huisa Collana, Humahuala, Huarca y Alto Pichigua se encargaron del traslado del \u201cQueso Centenario\u201d desde la Planta de L\u00e1cteos de Espinar hasta la plaza de armas, marcando as\u00ed un ambiente festivo acompa\u00f1ado de danzas a cargo de los pobladores de Quetara.<\/p>\n<p style=\"text-align: justify;\">El corte del queso fue un momento muy emotivo donde participaron los representantes de los ganaderos, autoridades, trabajadores del Placme y funcionarios de Antapaccay. Cerca de 2,500 personas degustaron un pedazo del queso gigante.<\/p>\n<p style=\"text-align: justify;\"><span style=\"color: #000080;\"><strong><em>Espinar<\/em><\/strong><\/span><\/p>\n<p style=\"text-align: justify;\">La provincia de Espinar es una de las trece provincias de la regi\u00f3n del Cusco, se encuentra entre los 3,800 y 5,200 metros sobre el nivel del mar, y est\u00e1 situada en una superficie de cadenas monta\u00f1osas y valles profundos, concentrados en las vertientes de los r\u00edos Salado y Apur\u00edmac. Su maravillosa geograf\u00eda est\u00e1 compuesta por sobrecogedores paisajes y lugares destacables, llegando a contar con hasta 103 lugares para visitantes como parte de su oferta tur\u00edstica.<\/p>\n<p style=\"text-align: justify;\">La provincia de Espinar destaca, adem\u00e1s, por su ganader\u00eda y tradici\u00f3n cultural y art\u00edstica. El 17 de noviembre, esta provincia celebra 100 a\u00f1os de creaci\u00f3n pol\u00edtica.<\/p>\n<p>Andina<\/p>\n","protected":false},"excerpt":{"rendered":"<p>15 \/ 11\/ 2017\/ Cusco.-Durante tres meses, tejedoras de 12 asociaciones de artesanos de los distritos de Alto Pichigua, Ocoruro, Pichigua y Espinar, en Cusco, trabajaron en la confecci\u00f3n del telar centenario, considerado el m\u00e1s grande que se haya tejido a escala mundial. Mide 17 metros de largo por 7 de ancho. Junto a las 35 tejedoras participaron la planta de fibra de alpaca y lana de ovino (Filasac) y la minera Antapaccay, a trav\u00e9s del Convenio Marco. Los organizadores destacaron que este telar gigante es un saludo del pueblo Espinar al mundo y est\u00e1 elaborado con lana de ovino,&#8230;<\/p>\n","protected":false},"author":1,"featured_media":32307,"comment_status":"open","ping_status":"open","sticky":false,"template":"","format":"standard","meta":{"footnotes":""},"categories":[4,82],"tags":[7657,6132,330,749],"class_list":["post-32306","post","type-post","status-publish","format-standard","has-post-thumbnail","hentry","category-breaking-news","category-nacionales","tag-peru-nueva-zelanda","tag-portal-de-noticias-turistamagazine","tag-turismo-en-el-peru","tag-turistamagazine"],"_links":{"self":[{"href":"https:\/\/www.turistamagazine.com\/v2\/index.php?rest_route=\/wp\/v2\/posts\/32306","targetHints":{"allow":["GET"]}}],"collection":[{"href":"https:\/\/www.turistamagazine.com\/v2\/index.php?rest_route=\/wp\/v2\/posts"}],"about":[{"href":"https:\/\/www.turistamagazine.com\/v2\/index.php?rest_route=\/wp\/v2\/types\/post"}],"author":[{"embeddable":true,"href":"https:\/\/www.turistamagazine.com\/v2\/index.php?rest_route=\/wp\/v2\/users\/1"}],"replies":[{"embeddable":true,"href":"https:\/\/www.turistamagazine.com\/v2\/index.php?rest_route=%2Fwp%2Fv2%2Fcomments&post=32306"}],"version-history":[{"count":1,"href":"https:\/\/www.turistamagazine.com\/v2\/index.php?rest_route=\/wp\/v2\/posts\/32306\/revisions"}],"predecessor-version":[{"id":32309,"href":"https:\/\/www.turistamagazine.com\/v2\/index.php?rest_route=\/wp\/v2\/posts\/32306\/revisions\/32309"}],"wp:featuredmedia":[{"embeddable":true,"href":"https:\/\/www.turistamagazine.com\/v2\/index.php?rest_route=\/wp\/v2\/media\/32307"}],"wp:attachment":[{"href":"https:\/\/www.turistamagazine.com\/v2\/index.php?rest_route=%2Fwp%2Fv2%2Fmedia&parent=32306"}],"wp:term":[{"taxonomy":"category","embeddable":true,"href":"https:\/\/www.turistamagazine.com\/v2\/index.php?rest_route=%2Fwp%2Fv2%2Fcategories&post=32306"},{"taxonomy":"post_tag","embeddable":true,"href":"https:\/\/www.turistamagazine.com\/v2\/index.php?rest_route=%2Fwp%2Fv2%2Ftags&post=32306"}],"curies":[{"name":"wp","href":"https:\/\/api.w.org\/{rel}","templated":true}]}}