{"id":32258,"date":"2017-11-13T09:14:50","date_gmt":"2017-11-13T14:14:50","guid":{"rendered":"http:\/\/www.turistamagazine.com\/v2\/?p=32258"},"modified":"2017-11-13T09:19:01","modified_gmt":"2017-11-13T14:19:01","slug":"cardenal-cipriani-necesitaron-una-buena-guapaeda","status":"publish","type":"post","link":"https:\/\/www.turistamagazine.com\/v2\/?p=32258","title":{"rendered":"CARDENAL CIPRIANI NECESITARON UNA BUENA GUAPEADA"},"content":{"rendered":"<p style=\"text-align: justify;\"><em><strong><span style=\"color: #000080;\">FRAN- CA &#8211; MENTE.-<\/span><\/strong><\/em> El Cardenal de la Iglesia cat\u00f3lica del Per\u00fa Juan Luis Cipriani \u00a0conversando en Di\u00e1logos de Fe por\u00a0 RPP, \u00a0gran aficionado al f\u00fatbol como la mayor\u00eda de los peruanos, expres\u00f3 que los muchachos\u00a0 de la selecci\u00f3n peruana en Wellington necesitaron <em><strong><span style=\"color: #000080;\">\u201cuna buena guapeada\u201d<\/span><\/strong><\/em> Uds. mis amigos lectores extranjeros no podr\u00edan saber el significado exacto de esa expresi\u00f3n, pero los peruanos si sabemos lo que quiso decir el cardenal con esa crioll\u00edsima expresi\u00f3n, y creemos que casi toda la hinchada \u00a0peruana est\u00e1 de acuerdo\u00a0 con \u00e9l.<\/p>\n<p style=\"text-align: justify;\">\u00a0Los <em><strong><span style=\"color: #000080;\">\u201copinologos\u201d<\/span> <\/strong><\/em>y periodistas deportivos, coinciden en que Gareca no hizo los cambios necesarios, y que la \u201cguapeada falt\u00f3\u201d \u00a0ahora cada entrenador tiene su estilo\u2026<\/p>\n<p style=\"text-align: justify;\"><em><strong><span style=\"color: #000080;\">\u00a0La hinchada peruana, sigue con la esperanza de la clasificaci\u00f3n para ir al mundial Rusia \u00a02018 despu\u00e9s de\u00a0\u00a0 32 a\u00f1os, y es tanto el entusiasmo que el presidente del Per\u00fa Don Pedro Pablo Kuczynski ha prometido que si se clasifican declarar\u00e1 feriado el d\u00eda siguiente\u2026 Siempre nuestro presidente tan espontaneo\u2026Pero si as\u00ed fuera el pueblo se lo agradecer\u00e1\u2026<\/span><\/strong><\/em><\/p>\n<p style=\"text-align: justify;\">\u00a0No somos <span style=\"color: #000080;\"><strong><em>\u00abfutboleros\u00bb<\/em><\/strong><\/span>, pero como peruanos si somos una sola bandera, por lo tanto no podemos permanecer indiferentes ante tanta demostraci\u00f3n de amor, confianza y esperanza en estos muchachos que integran la selecci\u00f3n peruana de f\u00fatbol. Nunca hemos sido testigo de tanto fervor s\u00f3lo comparado con la devoci\u00f3n al Sr. de los Milagros, desde confeccionar \u00a0la camiseta m\u00e1s grande del mundo en Tacna, la bandera m\u00e1s grande de f\u00fatbol paseada \u00a0por las calles de Lima, para que la firmen todos los hinchas, con un mensaje de aliento para la selecci\u00f3n,<\/p>\n<p style=\"text-align: justify;\">La econom\u00eda se ha movido m\u00e1s de lo que se esperaba gran negocio, hasta haberse agotado las telas en <span style=\"color: #000080;\"><strong><em>\u00abGamarra\u00bb<\/em><\/strong> <\/span>para confeccionar las camisetas, se han vendido m\u00e1s de 3 millones de piezas, super\u00f3 toda expectativa y seguimos&#8230; <span style=\"color: #000080;\"><strong><em>Hasta las mascotas, tienen su camiseta&#8230; Naturalmente \u00abPimky\u00bb no es futbolera como nosotros&#8230;<\/em><\/strong><\/span><\/p>\n<p style=\"text-align: justify;\">\u00a0El refr\u00e1n popular dice <em><strong><span style=\"color: #000080;\">\u201cA Dios rogando y con el mazo dando\u201d<\/span><\/strong><\/em> No todo lo puede hacer el \u00a0Sr. de los Milagros, los vientos\u00a0 que caracterizan a Nueva Zelanda no nos molestaron, lo que molest\u00f3 fue la <strong><em>s<span style=\"color: #000080;\">ubestimaci\u00f3n del rival, -desde nuestro lego punto de vista- <\/span><\/em><\/strong>y que la estrategia de Gareca no funcion\u00f3\u2026 <em><strong><span style=\"color: #000080;\">\u00bfFALT\u00d3 LA GUAPEADA; a que se refiere nuestro Cardenal?,\u2026. Estamos seguros que si\u2026 Esperemos\u00a0 que el resultado de este mi\u00e9rcoles sea el esperado por toda la afici\u00f3n peruana\u2026 Y a cuidar los corazones\u2026\u2026 FRAN-CA- MENTE\u2026<\/span><\/strong><\/em><\/p>\n","protected":false},"excerpt":{"rendered":"<p>FRAN- CA &#8211; MENTE.- El Cardenal de la Iglesia cat\u00f3lica del Per\u00fa Juan Luis Cipriani \u00a0conversando en Di\u00e1logos de Fe por\u00a0 RPP, \u00a0gran aficionado al f\u00fatbol como la mayor\u00eda de los peruanos, expres\u00f3 que los muchachos\u00a0 de la selecci\u00f3n peruana en Wellington necesitaron \u201cuna buena guapeada\u201d Uds. mis amigos lectores extranjeros no podr\u00edan saber el significado exacto de esa expresi\u00f3n, pero los peruanos si sabemos lo que quiso decir el cardenal con esa crioll\u00edsima expresi\u00f3n, y creemos que casi toda la hinchada \u00a0peruana est\u00e1 de acuerdo\u00a0 con \u00e9l. \u00a0Los \u201copinologos\u201d y periodistas deportivos, coinciden en que Gareca no hizo los&#8230;<\/p>\n","protected":false},"author":1,"featured_media":0,"comment_status":"open","ping_status":"open","sticky":false,"template":"","format":"standard","meta":{"footnotes":""},"categories":[346],"tags":[],"class_list":["post-32258","post","type-post","status-publish","format-standard","hentry","category-francamente"],"_links":{"self":[{"href":"https:\/\/www.turistamagazine.com\/v2\/index.php?rest_route=\/wp\/v2\/posts\/32258","targetHints":{"allow":["GET"]}}],"collection":[{"href":"https:\/\/www.turistamagazine.com\/v2\/index.php?rest_route=\/wp\/v2\/posts"}],"about":[{"href":"https:\/\/www.turistamagazine.com\/v2\/index.php?rest_route=\/wp\/v2\/types\/post"}],"author":[{"embeddable":true,"href":"https:\/\/www.turistamagazine.com\/v2\/index.php?rest_route=\/wp\/v2\/users\/1"}],"replies":[{"embeddable":true,"href":"https:\/\/www.turistamagazine.com\/v2\/index.php?rest_route=%2Fwp%2Fv2%2Fcomments&post=32258"}],"version-history":[{"count":2,"href":"https:\/\/www.turistamagazine.com\/v2\/index.php?rest_route=\/wp\/v2\/posts\/32258\/revisions"}],"predecessor-version":[{"id":32261,"href":"https:\/\/www.turistamagazine.com\/v2\/index.php?rest_route=\/wp\/v2\/posts\/32258\/revisions\/32261"}],"wp:attachment":[{"href":"https:\/\/www.turistamagazine.com\/v2\/index.php?rest_route=%2Fwp%2Fv2%2Fmedia&parent=32258"}],"wp:term":[{"taxonomy":"category","embeddable":true,"href":"https:\/\/www.turistamagazine.com\/v2\/index.php?rest_route=%2Fwp%2Fv2%2Fcategories&post=32258"},{"taxonomy":"post_tag","embeddable":true,"href":"https:\/\/www.turistamagazine.com\/v2\/index.php?rest_route=%2Fwp%2Fv2%2Ftags&post=32258"}],"curies":[{"name":"wp","href":"https:\/\/api.w.org\/{rel}","templated":true}]}}