{"id":32191,"date":"2017-11-09T15:14:58","date_gmt":"2017-11-09T20:14:58","guid":{"rendered":"http:\/\/www.turistamagazine.com\/v2\/?p=32191"},"modified":"2017-11-09T15:14:58","modified_gmt":"2017-11-09T20:14:58","slug":"papa-francisco-sector-cultura-otorga-subvencion-para-encuentro-con-pueblos-amazonicos","status":"publish","type":"post","link":"https:\/\/www.turistamagazine.com\/v2\/?p=32191","title":{"rendered":"PAPA FRANCISCO: SECTOR CULTURA OTORGA SUBVENCI\u00d3N PARA ENCUENTRO CON PUEBLOS AMAZ\u00d3NICOS"},"content":{"rendered":"<p style=\"text-align: justify;\">09\/11\/2017\/ Lima El Ejecutivo autoriz\u00f3 al Ministerio de Cultura a otorgar una subvenci\u00f3n hasta por la suma de 702,300 soles a favor de la Asociaci\u00f3n Caritas Madre de Dios para ejecutar las actividades log\u00edsticas para el traslado, alimentaci\u00f3n y movilidad local de 2,000 personas pertenecientes a pueblos ind\u00edgenas de la Amazon\u00eda, con motivo de la visita del Papa Francisco a la ciudad de Puerto Maldonado, el 19 de enero de 2018.<\/p>\n<p style=\"text-align: justify;\">Mediante un Decreto Supremo, publicado hoy en el Bolet\u00edn de Normas Legales del Diario Oficial El Peruano, precisa que este monto constituye una subvenci\u00f3n adicional a la prevista en el Anexo \u201cA\u201d: Subvenciones para personas jur\u00eddicas, de la Ley N\u00b0 30518, Ley de Presupuesto del Sector P\u00fablico para el A\u00f1o Fiscal 2017.<\/p>\n<p style=\"text-align: justify;\">La subvenci\u00f3n adicional autorizada se financia con cargo al Presupuesto Institucional del pliego del Ministerio de Cultura, a nivel de la Fuente de Financiamiento 1: Recursos Ordinarios, sin demandar recursos adicionales al Tesoro P\u00fablico, detalla la norma.<\/p>\n<p style=\"text-align: justify;\">Asimismo, establece que los recursos autorizados para el otorgamiento de la subvenci\u00f3n adicional a la que hace referencia el art\u00edculo 1, no pueden ser destinados, bajo responsabilidad, a fines distintos para los cuales son autorizados. (\u2026)<\/p>\n<p style=\"text-align: justify;\">La norma lleva la firma del primer vicepresidente de la Rep\u00fablica, Mart\u00edn Alberto Vizcarra Cornejo, encargado del Despacho de la Presidencia de la Rep\u00fablica; y est\u00e1 refrendado por el ministro de Cultura, Salvador del Solar Labarthe.<\/p>\n","protected":false},"excerpt":{"rendered":"<p>09\/11\/2017\/ Lima El Ejecutivo autoriz\u00f3 al Ministerio de Cultura a otorgar una subvenci\u00f3n hasta por la suma de 702,300 soles a favor de la Asociaci\u00f3n Caritas Madre de Dios para ejecutar las actividades log\u00edsticas para el traslado, alimentaci\u00f3n y movilidad local de 2,000 personas pertenecientes a pueblos ind\u00edgenas de la Amazon\u00eda, con motivo de la visita del Papa Francisco a la ciudad de Puerto Maldonado, el 19 de enero de 2018. Mediante un Decreto Supremo, publicado hoy en el Bolet\u00edn de Normas Legales del Diario Oficial El Peruano, precisa que este monto constituye una subvenci\u00f3n adicional a la prevista en&#8230;<\/p>\n","protected":false},"author":1,"featured_media":0,"comment_status":"open","ping_status":"open","sticky":false,"template":"","format":"standard","meta":{"footnotes":""},"categories":[4,82],"tags":[99,6805,171,340,6132,749],"class_list":["post-32191","post","type-post","status-publish","format-standard","hentry","category-breaking-news","category-nacionales","tag-elenita-villar","tag-feinpretudi","tag-papa-francisco","tag-peru","tag-portal-de-noticias-turistamagazine","tag-turistamagazine"],"_links":{"self":[{"href":"https:\/\/www.turistamagazine.com\/v2\/index.php?rest_route=\/wp\/v2\/posts\/32191","targetHints":{"allow":["GET"]}}],"collection":[{"href":"https:\/\/www.turistamagazine.com\/v2\/index.php?rest_route=\/wp\/v2\/posts"}],"about":[{"href":"https:\/\/www.turistamagazine.com\/v2\/index.php?rest_route=\/wp\/v2\/types\/post"}],"author":[{"embeddable":true,"href":"https:\/\/www.turistamagazine.com\/v2\/index.php?rest_route=\/wp\/v2\/users\/1"}],"replies":[{"embeddable":true,"href":"https:\/\/www.turistamagazine.com\/v2\/index.php?rest_route=%2Fwp%2Fv2%2Fcomments&post=32191"}],"version-history":[{"count":1,"href":"https:\/\/www.turistamagazine.com\/v2\/index.php?rest_route=\/wp\/v2\/posts\/32191\/revisions"}],"predecessor-version":[{"id":32193,"href":"https:\/\/www.turistamagazine.com\/v2\/index.php?rest_route=\/wp\/v2\/posts\/32191\/revisions\/32193"}],"wp:attachment":[{"href":"https:\/\/www.turistamagazine.com\/v2\/index.php?rest_route=%2Fwp%2Fv2%2Fmedia&parent=32191"}],"wp:term":[{"taxonomy":"category","embeddable":true,"href":"https:\/\/www.turistamagazine.com\/v2\/index.php?rest_route=%2Fwp%2Fv2%2Fcategories&post=32191"},{"taxonomy":"post_tag","embeddable":true,"href":"https:\/\/www.turistamagazine.com\/v2\/index.php?rest_route=%2Fwp%2Fv2%2Ftags&post=32191"}],"curies":[{"name":"wp","href":"https:\/\/api.w.org\/{rel}","templated":true}]}}