{"id":32181,"date":"2017-11-09T11:15:55","date_gmt":"2017-11-09T16:15:55","guid":{"rendered":"http:\/\/www.turistamagazine.com\/v2\/?p=32181"},"modified":"2017-11-09T11:15:55","modified_gmt":"2017-11-09T16:15:55","slug":"las-protestas-sociales-por-la-saturacion-turistica-una-llamada-de-alerta-para-el-sector","status":"publish","type":"post","link":"https:\/\/www.turistamagazine.com\/v2\/?p=32181","title":{"rendered":"LAS PROTESTAS SOCIALES POR LA SATURACI\u00d3N TUR\u00cdSTICA: UNA LLAMADA DE ALERTA PARA EL SECTOR"},"content":{"rendered":"<p style=\"text-align: justify;\"><span style=\"color: #000080;\"><em>M\u00e1s de 60 ministros de turismo y dirigentes del sector privado se reunieron el 7 de noviembre en Londres, con motivo de la Cumbre Ministerial de la Organizaci\u00f3n Mundial del Turismo (OMT) en la World Travel Market (WTM) sobre la saturaci\u00f3n tur\u00edstica (\u201covertourism\u201d). Moderada por Max Foster, de CNN International, la Cumbre concluy\u00f3 que era necesario que el sector tur\u00edstico estableciera relaciones fluidas y de mejor calidad con las comunidades locales. <\/em><\/span><\/p>\n<p style=\"text-align: justify;\">El compromiso de la comunidad, la comunicaci\u00f3n, la gesti\u00f3n de la congesti\u00f3n, la planificaci\u00f3n adecuada y la diversificaci\u00f3n de productos se pusieron de relieve como aspectos fundamentales en el abordaje de la saturaci\u00f3n tur\u00edstica.<\/p>\n<p style=\"text-align: justify;\">El Secretario General de la Organizaci\u00f3n Mundial del Turismo (OMT), Taleb Rifai, se\u00f1al\u00f3 al inaugurar la Cumbre: <strong><em><span style=\"color: #000080;\">\u201cel crecimiento no es el enemigo, las cifras no son el enemigo, la clave est\u00e1 en gestionar el crecimiento de una manera sostenible, responsable e inteligente, y en utilizar el poder del crecimiento a nuestro favor\u201d<\/span>.<\/em><\/strong><\/p>\n<p style=\"text-align: justify;\">Rifai a\u00f1adi\u00f3: <span style=\"color: #000080;\"><strong><em>\u00abNo podemos seguir construyendo hoteles de cinco estrellas en sociedades de tres estrellas. Los empleos y la caridad no bastan \u2013 necesitamos diversificar las actividades de los visitantes, reducir la estacionalidad y crear conciencia acerca de los destinos menos masificados\u00bb.<\/em><\/strong><\/span><\/p>\n<p style=\"text-align: justify;\">Los participantes expresaron su acuerdo con la necesidad de sensibilizar a las comunidades acerca de los beneficios del sector, de mejorar la utilizaci\u00f3n de datos macro para medir y gestionar el impacto de los turistas y de las corrientes de turistas, y de promover el desarrollo de las experiencias tur\u00edsticas que comprometen y benefician directamente a las comunidades.<\/p>\n<p style=\"text-align: justify;\">La aparici\u00f3n de nuevas plataformas de servicios tur\u00edsticos, o la llamada econom\u00eda colaborativa, fueron debatidos en profundidad, y los participantes reconocieron que estos fen\u00f3menos continuar\u00e1n al alza, por lo que necesitan ser comprendidos y gestionados por los destinos de manera individual y espec\u00edfica.<\/p>\n<p style=\"text-align: justify;\">Los intervinientes en la Cumbre fueron:<\/p>\n<ul style=\"text-align: justify;\">\n<li>Excmo. Sr. Mauricio Ventura Arag\u00f3n, Ministro de Turismo de Costa Rica.<\/li>\n<li>Excma. Sra. Elena Kountoura, Ministra de Turismo de Grecia.<\/li>\n<li>Sr. Ryoichi Matsuyama, Presidente de la Organizaci\u00f3n Nacional de Turismo del Jap\u00f3n (JNTO).<\/li>\n<li>H.E. Mr. Mohamed Sajid, Ministro de Turismo, Transporte A\u00e9reo, Artesan\u00eda y Econom\u00eda Socia, Marruecos<\/li>\n<li>Excmo. Sr. Enrique de la Madrid, Secretario de Turismo de M\u00e9xico.<\/li>\n<li>Excmo. Sr. Khalid Jasim Al Midfa, Presidente de la Autoridad de Desarrollo del Comercio y el Turismo de Sharjah de los Emiratos \u00c1rabes Unidos.<\/li>\n<li>Excmo. Sr. John Glen, Ministro de Patrimonio Art\u00edstico y Turismo del Reino Unido.<\/li>\n<li>Sr. Istvan Ujhelyi, Vicepresidente de la Comisi\u00f3n de Transportes y Turismo del Parlamento Europeo.<\/li>\n<li>Sra. Gloria Guevara, Presidenta y Directora Ejecutiva del Consejo Mundial de Viajes y Turismo (CMVT).<\/li>\n<li>Sr. Patrick Robinson, Responsable de pol\u00edticas para la regi\u00f3n de Europa, Oriente Medio y \u00c1frica de Airbnb.<\/li>\n<li>Sra. Inge Huijbrechts, Vicepresidenta de responsabilidad corporativa del grupo Carlson Rezidor Hotel Group.<\/li>\n<li>Sra. Kate Gibson, Vicepresidenta de responsabilidad global corporativa del grupo Intercontinental Hotels Group (IHG).<\/li>\n<li>Sr. Manfredi Lefebvre d\u2019Ovidio, Presidente de Silversea Cruises.<\/li>\n<\/ul>\n<p style=\"text-align: justify;\">Env\u00edo OMT.<\/p>\n","protected":false},"excerpt":{"rendered":"<p>M\u00e1s de 60 ministros de turismo y dirigentes del sector privado se reunieron el 7 de noviembre en Londres, con motivo de la Cumbre Ministerial de la Organizaci\u00f3n Mundial del Turismo (OMT) en la World Travel Market (WTM) sobre la saturaci\u00f3n tur\u00edstica (\u201covertourism\u201d). Moderada por Max Foster, de CNN International, la Cumbre concluy\u00f3 que era necesario que el sector tur\u00edstico estableciera relaciones fluidas y de mejor calidad con las comunidades locales. El compromiso de la comunidad, la comunicaci\u00f3n, la gesti\u00f3n de la congesti\u00f3n, la planificaci\u00f3n adecuada y la diversificaci\u00f3n de productos se pusieron de relieve como aspectos fundamentales en el&#8230;<\/p>\n","protected":false},"author":1,"featured_media":32182,"comment_status":"open","ping_status":"open","sticky":false,"template":"","format":"standard","meta":{"footnotes":""},"categories":[87],"tags":[7698,178,6132,7699,129,128,330,749,5078,3177],"class_list":["post-32181","post","type-post","status-publish","format-standard","has-post-thumbnail","hentry","category-actualidad","tag-overtourism","tag-espana","tag-portal-de-noticias-turistamagazine","tag-saturacion-turistica","tag-secretario-general-de-la-omt","tag-taleb-rifai","tag-turismo-en-el-peru","tag-turistamagazine","tag-ver-todos","tag-world-travel-market"],"_links":{"self":[{"href":"https:\/\/www.turistamagazine.com\/v2\/index.php?rest_route=\/wp\/v2\/posts\/32181","targetHints":{"allow":["GET"]}}],"collection":[{"href":"https:\/\/www.turistamagazine.com\/v2\/index.php?rest_route=\/wp\/v2\/posts"}],"about":[{"href":"https:\/\/www.turistamagazine.com\/v2\/index.php?rest_route=\/wp\/v2\/types\/post"}],"author":[{"embeddable":true,"href":"https:\/\/www.turistamagazine.com\/v2\/index.php?rest_route=\/wp\/v2\/users\/1"}],"replies":[{"embeddable":true,"href":"https:\/\/www.turistamagazine.com\/v2\/index.php?rest_route=%2Fwp%2Fv2%2Fcomments&post=32181"}],"version-history":[{"count":1,"href":"https:\/\/www.turistamagazine.com\/v2\/index.php?rest_route=\/wp\/v2\/posts\/32181\/revisions"}],"predecessor-version":[{"id":32183,"href":"https:\/\/www.turistamagazine.com\/v2\/index.php?rest_route=\/wp\/v2\/posts\/32181\/revisions\/32183"}],"wp:featuredmedia":[{"embeddable":true,"href":"https:\/\/www.turistamagazine.com\/v2\/index.php?rest_route=\/wp\/v2\/media\/32182"}],"wp:attachment":[{"href":"https:\/\/www.turistamagazine.com\/v2\/index.php?rest_route=%2Fwp%2Fv2%2Fmedia&parent=32181"}],"wp:term":[{"taxonomy":"category","embeddable":true,"href":"https:\/\/www.turistamagazine.com\/v2\/index.php?rest_route=%2Fwp%2Fv2%2Fcategories&post=32181"},{"taxonomy":"post_tag","embeddable":true,"href":"https:\/\/www.turistamagazine.com\/v2\/index.php?rest_route=%2Fwp%2Fv2%2Ftags&post=32181"}],"curies":[{"name":"wp","href":"https:\/\/api.w.org\/{rel}","templated":true}]}}