{"id":32176,"date":"2017-11-07T11:38:54","date_gmt":"2017-11-07T16:38:54","guid":{"rendered":"http:\/\/www.turistamagazine.com\/v2\/?p=32176"},"modified":"2017-11-07T11:38:54","modified_gmt":"2017-11-07T16:38:54","slug":"emprendedores-de-turismo-rural-comunitario-del-norte-del-peru-ofreceran-a-agencias-de-viaje-sus-productos-turisticos","status":"publish","type":"post","link":"https:\/\/www.turistamagazine.com\/v2\/?p=32176","title":{"rendered":"EMPRENDEDORES DE TURISMO RURAL COMUNITARIO DEL NORTE DEL PER\u00da OFRECER\u00c1N A AGENCIAS DE VIAJE SUS PRODUCTOS TUR\u00cdSTICOS"},"content":{"rendered":"<p style=\"text-align: justify;\">7\/11\/20017\/Lima.- Nadie puede dudar que el Turismo Rural Comunitario (TRC) viene ganando impulso. Las experiencias que logran transmitir los pobladores a los visitantes hacen que sea una experiencia \u00fanica al acercarse, de una manera real, a vivir y sorprenderse con la belleza de lo cotidiano.<\/p>\n<p style=\"text-align: justify;\">Por ello, el Ministerio de Comercio Exterior y Turismo (Mincetur) ha organizado el Primer Workshop Regi\u00f3n Norte de TRC. El objetivo: lograr que los empresarios de turismo conozcan los paquetes de viaje y lo puedan ofrecer al p\u00fablico en general.<\/p>\n<p style=\"text-align: justify;\">Este evento se realizar\u00e1 el pr\u00f3ximo\u00a0 jueves 9 de noviembre, en el Hotel Casa Andina Premium de Trujillo (Regi\u00f3n la Libertad) desde las 9 horas. Participar\u00e1n diecisiete emprendedores de Amazonas, \u00c1ncash, Cajamarca, Lambayeque, Loreto y San Mart\u00edn.<\/p>\n<p style=\"text-align: justify;\">El Mincetur destac\u00f3 que en esta actividad los emprendedores tendr\u00e1n la oportunidad de mantener ruedas de negocios con m\u00e1s de 150 empresas de comercializaci\u00f3n tur\u00edstica para concretar y conocer esta oferta tur\u00edstica.<\/p>\n<p style=\"text-align: justify;\">Es importante mencionar que en la tarde, del mismo d\u00eda, se abrir\u00e1 al p\u00fablico en general la \u201cFeria Experiencias sobre Turismo Rural Comunitario\u201d, donde se podr\u00e1 conocer las actividades que se realizan en cada uno de los emprendimientos, como: cabalgata, trekking, siembra, preparaci\u00f3n de alimentos, canotaje, entre otros.<\/p>\n<p style=\"text-align: justify;\">IMPORTANTE<\/p>\n<ul>\n<li style=\"text-align: justify;\">El Workshop de la Regi\u00f3n Norte contar\u00e1 con la presencia de autoridades del Mincetur quienes\u00a0\u00a0 expondr\u00e1n sobre los avances del Turismo Rural Comunitario y, en especial, en la zona norte del Per\u00fa.<\/li>\n<li style=\"text-align: justify;\">Como se recuerda el Ministerio de Comercio Exterior y Turismo impulsa la estrategia de TRC. A trav\u00e9s de ella apoya el desarrollo de iniciativas y negocios en las poblaciones rurales, en las que se ofrecen experiencias de viaje donde la naturaleza, la cultura, el entorno y la vida de esas comunidades son la esencia de dichas experiencias. Se espera que para el 2021, las comunidades beneficiadas sean visitadas por 900 mil turistas, alcanzando un monto de S\/ 40 millones anuales.<\/li>\n<\/ul>\n","protected":false},"excerpt":{"rendered":"<p>7\/11\/20017\/Lima.- Nadie puede dudar que el Turismo Rural Comunitario (TRC) viene ganando impulso. Las experiencias que logran transmitir los pobladores a los visitantes hacen que sea una experiencia \u00fanica al acercarse, de una manera real, a vivir y sorprenderse con la belleza de lo cotidiano. Por ello, el Ministerio de Comercio Exterior y Turismo (Mincetur) ha organizado el Primer Workshop Regi\u00f3n Norte de TRC. El objetivo: lograr que los empresarios de turismo conozcan los paquetes de viaje y lo puedan ofrecer al p\u00fablico en general. Este evento se realizar\u00e1 el pr\u00f3ximo\u00a0 jueves 9 de noviembre, en el Hotel Casa Andina&#8230;<\/p>\n","protected":false},"author":1,"featured_media":31107,"comment_status":"open","ping_status":"open","sticky":false,"template":"","format":"standard","meta":{"footnotes":""},"categories":[4,82],"tags":[99,6805,7697,6132,330,749],"class_list":["post-32176","post","type-post","status-publish","format-standard","has-post-thumbnail","hentry","category-breaking-news","category-nacionales","tag-elenita-villar","tag-feinpretudi","tag-noticias-del-peru","tag-portal-de-noticias-turistamagazine","tag-turismo-en-el-peru","tag-turistamagazine"],"_links":{"self":[{"href":"https:\/\/www.turistamagazine.com\/v2\/index.php?rest_route=\/wp\/v2\/posts\/32176","targetHints":{"allow":["GET"]}}],"collection":[{"href":"https:\/\/www.turistamagazine.com\/v2\/index.php?rest_route=\/wp\/v2\/posts"}],"about":[{"href":"https:\/\/www.turistamagazine.com\/v2\/index.php?rest_route=\/wp\/v2\/types\/post"}],"author":[{"embeddable":true,"href":"https:\/\/www.turistamagazine.com\/v2\/index.php?rest_route=\/wp\/v2\/users\/1"}],"replies":[{"embeddable":true,"href":"https:\/\/www.turistamagazine.com\/v2\/index.php?rest_route=%2Fwp%2Fv2%2Fcomments&post=32176"}],"version-history":[{"count":1,"href":"https:\/\/www.turistamagazine.com\/v2\/index.php?rest_route=\/wp\/v2\/posts\/32176\/revisions"}],"predecessor-version":[{"id":32177,"href":"https:\/\/www.turistamagazine.com\/v2\/index.php?rest_route=\/wp\/v2\/posts\/32176\/revisions\/32177"}],"wp:featuredmedia":[{"embeddable":true,"href":"https:\/\/www.turistamagazine.com\/v2\/index.php?rest_route=\/wp\/v2\/media\/31107"}],"wp:attachment":[{"href":"https:\/\/www.turistamagazine.com\/v2\/index.php?rest_route=%2Fwp%2Fv2%2Fmedia&parent=32176"}],"wp:term":[{"taxonomy":"category","embeddable":true,"href":"https:\/\/www.turistamagazine.com\/v2\/index.php?rest_route=%2Fwp%2Fv2%2Fcategories&post=32176"},{"taxonomy":"post_tag","embeddable":true,"href":"https:\/\/www.turistamagazine.com\/v2\/index.php?rest_route=%2Fwp%2Fv2%2Ftags&post=32176"}],"curies":[{"name":"wp","href":"https:\/\/api.w.org\/{rel}","templated":true}]}}