{"id":3211,"date":"2014-04-03T17:03:03","date_gmt":"2014-04-03T22:03:03","guid":{"rendered":"http:\/\/www.turistamagazine.com\/v2\/?p=3211"},"modified":"2014-04-03T17:04:01","modified_gmt":"2014-04-03T22:04:01","slug":"no-hay-duda-pero-en-todas-partes-se-cuecen-habas","status":"publish","type":"post","link":"https:\/\/www.turistamagazine.com\/v2\/?p=3211","title":{"rendered":"NO HAY DUDA  PERO EN TODAS PARTES SE CUECEN HABAS"},"content":{"rendered":"<p><span style=\"color: #000080;\"><strong>FRAN-CA-MENTE.-<\/strong><\/span> Nos parece \u00a0pintoresco, por decir lo menos que la reina Isabel II ,por la cual guardamos admiraci\u00f3n y respeto, no haya tenido la\u00a0 delicadeza de encontrar otra excusa para justificar la tardanza al encuentro protocolar con el Papa Francisco, al cual lleg\u00f3 con 23 minutos de retraso \u00a0<strong><em><span style=\"color: #000080;\">\u201cDisculpe por la tardanza. Est\u00e1bamos teniendo un almuerzo muy agradable con el presidente Napolitano\u201d<\/span><\/em><\/strong>.<\/p>\n<p>Please my\u00a0 Queen , que falta de tacto, por m\u00e1s que no sea cat\u00f3lica y las diferencias con la iglesia cat\u00f3lica sean\u00a0 de siglos, por aqu\u00ed por estos lares decimos <span style=\"color: #000080;\"><strong><em>\u201clo cort\u00e9s no quita lo valiente\u201d o \u00a0\u00abcourtesy detracts not from bravery.\u201d<\/em><\/strong><\/span><\/p>\n<p>Adem\u00e1s es muy cierto, no existe nada m\u00e1s escoc\u00e9s que un whisky, pero llev\u00e1rselo de regalo al Papa nos parece m\u00e1s destinado a\u00fan\u2026 No hay duda el ser reina no te libra de cometer errores\u2026 <span style=\"color: #000080;\"><strong><em>Pero para eso existe un protocolo innato\u2026 O fue sin querer queriendo como dice el \u201cchavo\u201d<\/em> <\/strong><strong>FRAN-CA-MENTE\u2026<\/strong><\/span><\/p>\n","protected":false},"excerpt":{"rendered":"<p>FRAN-CA-MENTE.- Nos parece \u00a0pintoresco, por decir lo menos que la reina Isabel II ,por la cual guardamos admiraci\u00f3n y respeto, no haya tenido la\u00a0 delicadeza de encontrar otra excusa para justificar la tardanza al encuentro protocolar con el Papa Francisco, al cual lleg\u00f3 con 23 minutos de retraso \u00a0\u201cDisculpe por la tardanza. Est\u00e1bamos teniendo un almuerzo muy agradable con el presidente Napolitano\u201d. Please my\u00a0 Queen , que falta de tacto, por m\u00e1s que no sea cat\u00f3lica y las diferencias con la iglesia cat\u00f3lica sean\u00a0 de siglos, por aqu\u00ed por estos lares decimos \u201clo cort\u00e9s no quita lo valiente\u201d o \u00a0\u00abcourtesy&#8230;<\/p>\n","protected":false},"author":1,"featured_media":0,"comment_status":"open","ping_status":"open","sticky":false,"template":"","format":"standard","meta":{"footnotes":""},"categories":[346],"tags":[],"class_list":["post-3211","post","type-post","status-publish","format-standard","hentry","category-francamente"],"_links":{"self":[{"href":"https:\/\/www.turistamagazine.com\/v2\/index.php?rest_route=\/wp\/v2\/posts\/3211","targetHints":{"allow":["GET"]}}],"collection":[{"href":"https:\/\/www.turistamagazine.com\/v2\/index.php?rest_route=\/wp\/v2\/posts"}],"about":[{"href":"https:\/\/www.turistamagazine.com\/v2\/index.php?rest_route=\/wp\/v2\/types\/post"}],"author":[{"embeddable":true,"href":"https:\/\/www.turistamagazine.com\/v2\/index.php?rest_route=\/wp\/v2\/users\/1"}],"replies":[{"embeddable":true,"href":"https:\/\/www.turistamagazine.com\/v2\/index.php?rest_route=%2Fwp%2Fv2%2Fcomments&post=3211"}],"version-history":[{"count":3,"href":"https:\/\/www.turistamagazine.com\/v2\/index.php?rest_route=\/wp\/v2\/posts\/3211\/revisions"}],"predecessor-version":[{"id":3214,"href":"https:\/\/www.turistamagazine.com\/v2\/index.php?rest_route=\/wp\/v2\/posts\/3211\/revisions\/3214"}],"wp:attachment":[{"href":"https:\/\/www.turistamagazine.com\/v2\/index.php?rest_route=%2Fwp%2Fv2%2Fmedia&parent=3211"}],"wp:term":[{"taxonomy":"category","embeddable":true,"href":"https:\/\/www.turistamagazine.com\/v2\/index.php?rest_route=%2Fwp%2Fv2%2Fcategories&post=3211"},{"taxonomy":"post_tag","embeddable":true,"href":"https:\/\/www.turistamagazine.com\/v2\/index.php?rest_route=%2Fwp%2Fv2%2Ftags&post=3211"}],"curies":[{"name":"wp","href":"https:\/\/api.w.org\/{rel}","templated":true}]}}