{"id":32054,"date":"2017-10-27T10:52:12","date_gmt":"2017-10-27T15:52:12","guid":{"rendered":"http:\/\/www.turistamagazine.com\/v2\/?p=32054"},"modified":"2017-10-27T10:52:12","modified_gmt":"2017-10-27T15:52:12","slug":"artesania-en-mistura-2017-artesanos-de-10-regiones-del-peru-presentan-bellas-creaciones-vinculadas-a-la-gastronomia","status":"publish","type":"post","link":"https:\/\/www.turistamagazine.com\/v2\/?p=32054","title":{"rendered":"ARTESAN\u00cdA EN MISTURA 2017: ARTESANOS DE 10 REGIONES DEL PER\u00da PRESENTAN BELLAS CREACIONES VINCULADAS A LA GASTRONOM\u00cdA"},"content":{"rendered":"<p style=\"text-align: justify;\">27\/10\/ 2017 Lima.- La feria gastron\u00f3mica internacional Mistura 2017 no solo ofrecer\u00e1 al p\u00fablico lo m\u00e1s representativo de la cocina peruana, sino tambi\u00e9n pondr\u00e1 a la venta piezas artesanales provenientes de diez regiones del Per\u00fa.<\/p>\n<p style=\"text-align: justify;\">As\u00ed lo inform\u00f3 el Ministerio de Comercio Exterior y Turismo (Mincetur) que, a trav\u00e9s de la Direcci\u00f3n General de Artesan\u00eda, realiz\u00f3 un concurso p\u00fablico a nivel nacional seleccionando los trabajos m\u00e1s destacados de 15 artesanos provenientes de Lima, Amazonas, Cajamarca, Cusco, Jun\u00edn, Lambayeque, La Libertad, Loreto, Piura y Tumbes.<\/p>\n<p style=\"text-align: justify;\">Estas creaciones artesanales, todas vinculadas a la gastronom\u00eda, se presentar\u00e1n en los stands 040 y 041 de \u201cEl Gran Mercado\u201d, espacio que re\u00fane a los peque\u00f1os productores agropecuarios de todas las regiones del Per\u00fa.<\/p>\n<p style=\"text-align: justify;\">En ese sentido, por la regi\u00f3n de Amazonas se presentar\u00e1n los productos artesanales de la Asociaci\u00f3n de Ceramistas del Cenepa (cer\u00e1mica) y de Tejidos Lasboni Per\u00fa (textiles). Por Cajamarca, se exhibir\u00e1n los trabajos de Colores y Creaciones Cajamarca (cer\u00e1mica), de Antonio Huacchra Ram\u00edrez (cer\u00e1mica) as\u00ed como de Lilian Elizabeth Carrasco Chilon (textiles).<\/p>\n<p style=\"text-align: justify;\">Por la regi\u00f3n Cusco se expondr\u00e1n las creaciones de Julio Antonio Guti\u00e9rrez Samanez (cer\u00e1mica), por Lima se presentar\u00e1n los trabajos de Johnny Roberto Jim\u00e9nez Sifuentes (cuero) y de El\u00edas Moya Alcalde (fibra vegetal); mientras que por Piura se mostrar\u00e1 el arte de la Asociaci\u00f3n de Artesanas del Caser\u00edo Pedregal Chico \u00d1ariwalac (fibra vegetal).<\/p>\n<p style=\"text-align: justify;\">Representando a Loreto se ofrecer\u00e1 a los miles de visitantes de Mistura la artesan\u00eda de Glasi Cairuna Piccota (madera) y de Edilberto Guerrero Pe\u00f1a (madera) procedente de la regi\u00f3n Tumbes. Asimismo, por la regi\u00f3n Jun\u00edn se pondr\u00e1 a la venta los trabajos de Lilian Kika Ale Urbano (madera y bamb\u00fa) y de Clotilde Reina Nuez de Osores (mate).<\/p>\n<p style=\"text-align: justify;\">De igual manera, los asistentes a la feria gastron\u00f3mica tendr\u00e1n la oportunidad de apreciar la obra de Jos\u00e9 Luis Riquelme Delgado (piedra tallada) y de la Asociaci\u00f3n de Artesanas Manos con Talento (textiles), representantes de La Libertad y de Lambayeque, respectivamente.<\/p>\n<p style=\"text-align: justify;\">ARTESAN\u00cdA EN EXTERIORES<\/p>\n<p style=\"text-align: justify;\">Los exteriores de Mistura 2017 tambi\u00e9n mostrar\u00e1n una variada selecci\u00f3n de art\u00edculos artesanales a la venta, producto de una convocatoria p\u00fablica, organizada por el Mincetur en alianza con la Municipalidad distrital del R\u00edmac, destinada solo a artesanos de Lima y Callao. La exposici\u00f3n se realizar\u00e1 en la \u201cFeria Artesanal\u201d que se llevar\u00e1 a cabo en la Escuela Taller del R\u00edmac (Jir\u00f3n Chiclayo 550).<\/p>\n<p style=\"text-align: justify;\">De esta manera, se seleccionaron a 13 artesanos quienes presentar\u00e1n sus creaciones de las l\u00edneas artesanales textil, cer\u00e1mica, joyer\u00eda, arpiller\u00eda, piedra, vidrio, pintado y cerer\u00eda.<\/p>\n<p style=\"text-align: justify;\">Los artesanos ser\u00e1n: Juana Bardales, Olinda Silvano y Zoila Maynas, artistas de la comunidad de Cantagallo (textil), David Pimentel (textil), Yaquelin Laguna (textil), Ana Mar\u00eda Morales (joyer\u00eda), V\u00edctor Valderrama (joyer\u00eda), Eleodora Salvatierra (arpiller\u00eda), Jos\u00e9 Ipanaque (piedra) y David Anaya (cerer\u00eda)<\/p>\n<p style=\"text-align: justify;\">Estar\u00e1n presentes adem\u00e1s representantes de las asociaciones Arte y Barro y Negociaciones Raqui SAC (cer\u00e1mica) y Artesan\u00edas Inka Maki SAC (vidrio pintado).<\/p>\n<p style=\"text-align: justify;\">Por si fuera poco, la \u201cFeria Artesanal\u201d contar\u00e1 con tres artesanos de la regi\u00f3n Ayacucho gracias a la gesti\u00f3n de la Municipalidad Distrital del R\u00edmac en convenio con la Municipalidad Provincial de Huamanga. Los participantes ser\u00e1n Marino Limaco (cer\u00e1mica), Silvestre Ataucusi (imaginer\u00eda) y Benjam\u00edn Pizarro (tallado en piedra).<\/p>\n<p style=\"text-align: justify;\">Cabe destacar que el Mincetur, en su rol de incentivar la articulaci\u00f3n y promoci\u00f3n de la actividad artesanal, fomenta espacios de comercializaci\u00f3n para la inserci\u00f3n de productos artesanales al mercado extranjero y nacional.<\/p>\n<p>&nbsp;<\/p>\n","protected":false},"excerpt":{"rendered":"<p>27\/10\/ 2017 Lima.- La feria gastron\u00f3mica internacional Mistura 2017 no solo ofrecer\u00e1 al p\u00fablico lo m\u00e1s representativo de la cocina peruana, sino tambi\u00e9n pondr\u00e1 a la venta piezas artesanales provenientes de diez regiones del Per\u00fa. As\u00ed lo inform\u00f3 el Ministerio de Comercio Exterior y Turismo (Mincetur) que, a trav\u00e9s de la Direcci\u00f3n General de Artesan\u00eda, realiz\u00f3 un concurso p\u00fablico a nivel nacional seleccionando los trabajos m\u00e1s destacados de 15 artesanos provenientes de Lima, Amazonas, Cajamarca, Cusco, Jun\u00edn, Lambayeque, La Libertad, Loreto, Piura y Tumbes. Estas creaciones artesanales, todas vinculadas a la gastronom\u00eda, se presentar\u00e1n en los stands 040 y 041&#8230;<\/p>\n","protected":false},"author":1,"featured_media":32055,"comment_status":"open","ping_status":"open","sticky":false,"template":"","format":"standard","meta":{"footnotes":""},"categories":[4,82],"tags":[99,321,7522,340,6132,749],"class_list":["post-32054","post","type-post","status-publish","format-standard","has-post-thumbnail","hentry","category-breaking-news","category-nacionales","tag-elenita-villar","tag-lima","tag-mistura-2017","tag-peru","tag-portal-de-noticias-turistamagazine","tag-turistamagazine"],"_links":{"self":[{"href":"https:\/\/www.turistamagazine.com\/v2\/index.php?rest_route=\/wp\/v2\/posts\/32054","targetHints":{"allow":["GET"]}}],"collection":[{"href":"https:\/\/www.turistamagazine.com\/v2\/index.php?rest_route=\/wp\/v2\/posts"}],"about":[{"href":"https:\/\/www.turistamagazine.com\/v2\/index.php?rest_route=\/wp\/v2\/types\/post"}],"author":[{"embeddable":true,"href":"https:\/\/www.turistamagazine.com\/v2\/index.php?rest_route=\/wp\/v2\/users\/1"}],"replies":[{"embeddable":true,"href":"https:\/\/www.turistamagazine.com\/v2\/index.php?rest_route=%2Fwp%2Fv2%2Fcomments&post=32054"}],"version-history":[{"count":1,"href":"https:\/\/www.turistamagazine.com\/v2\/index.php?rest_route=\/wp\/v2\/posts\/32054\/revisions"}],"predecessor-version":[{"id":32056,"href":"https:\/\/www.turistamagazine.com\/v2\/index.php?rest_route=\/wp\/v2\/posts\/32054\/revisions\/32056"}],"wp:featuredmedia":[{"embeddable":true,"href":"https:\/\/www.turistamagazine.com\/v2\/index.php?rest_route=\/wp\/v2\/media\/32055"}],"wp:attachment":[{"href":"https:\/\/www.turistamagazine.com\/v2\/index.php?rest_route=%2Fwp%2Fv2%2Fmedia&parent=32054"}],"wp:term":[{"taxonomy":"category","embeddable":true,"href":"https:\/\/www.turistamagazine.com\/v2\/index.php?rest_route=%2Fwp%2Fv2%2Fcategories&post=32054"},{"taxonomy":"post_tag","embeddable":true,"href":"https:\/\/www.turistamagazine.com\/v2\/index.php?rest_route=%2Fwp%2Fv2%2Ftags&post=32054"}],"curies":[{"name":"wp","href":"https:\/\/api.w.org\/{rel}","templated":true}]}}