{"id":32051,"date":"2017-10-27T10:29:04","date_gmt":"2017-10-27T15:29:04","guid":{"rendered":"http:\/\/www.turistamagazine.com\/v2\/?p=32051"},"modified":"2017-10-27T10:30:14","modified_gmt":"2017-10-27T15:30:14","slug":"el-sr-de-los-milagros-y-su-devotos","status":"publish","type":"post","link":"https:\/\/www.turistamagazine.com\/v2\/?p=32051","title":{"rendered":"EL SR. DE LOS MILAGROS Y SUS DEVOTOS"},"content":{"rendered":"<p style=\"text-align: justify;\">Como hace varios a\u00f1os, nos llegamos hasta la Iglesia de las Nazarenas* a ver de cerca y escuchar misa en este Santuario.<\/p>\n<p style=\"text-align: justify;\"><em><strong><span style=\"color: #000080;\">Tratar de explicarles a Uds. mis dilectos lectores y amigos lo que se siente al estar frente\u00a0 a la imponente anda e imagen de nuestro amado Sr. de los Milagros \u00a0es imposible, porque estas sensaciones m\u00edsticas o espirituales son propias de cada quien. Por lo tanto manifestaciones de esta fe en el templo se ven muchas, y no s\u00f3lo en personas, mayores, de all\u00ed lo que motiva estas l\u00edneas.<\/span><\/strong><\/em><\/p>\n<p style=\"text-align: justify;\">Les comento a mis lectores extranjeros, como el templo est\u00e1 casi siempre abarrotado de devotos, los hermanos de la cofrad\u00eda del Sr. de los Milagros \u00a0\u00a0colocan unas rejas de metal que acomodan de acuerdo a las circunstancias, ya que el devoto quiere estar siempre lo m\u00e1s cerca del anda, que les cuentol es impresionante, por lo hermosa y porque adem\u00e1s esta \u00edntegramente forrada en oro y plata, como consecuencia de los millones de milagros que los feligreses a trav\u00e9s de m\u00e1s o menos 4 siglos han ido acumulando y que fueron fundidos para esta obra de arte\u2026<\/p>\n<p style=\"text-align: justify;\">Volviendo a nuestro tema, con nuestro esp\u00edritu combativo y justiciero (<em><strong><span style=\"color: #000080;\">mismo Chapul\u00edn colorado)<\/span><\/strong><\/em> advertimos que despu\u00e9s de la misa, un grupo peque\u00f1o de personas adultos mayores y no tan mayores, se quedaba muy cerca del\u00a0 anda de la venerada imagen. La hermandad de \u00a0los Milagros \u00a0\u00a0est\u00e1 muy bien organizada integrada por cuadrillas y cada una de ella tiene una misi\u00f3n espec\u00edfica, cada cuadrilla tiene un capataz o un subcapataz.\u00a0 Los encargados de hacer retirar a las personas de la cercan\u00eda al altar ten\u00edan problemas con un\u00a0 joven se\u00f1or, que no quer\u00eda abandonar su privilegiado lugar, y la discusi\u00f3n dur\u00f3 unos minutos, hasta que entre tres hermanos convencieron a este Se\u00f1or que se retirara.<\/p>\n<p style=\"text-align: justify;\">Evidentemente el <em><strong><span style=\"color: #000080;\">\u00abChapul\u00edn colorado\u00bb<\/span><\/strong><\/em> al rescate y luchar por la justicia, y preguntamos el motivo del impase, al mismo tiempo repar\u00e1bamos que muy apurados en ese espacio <strong><em><span style=\"color: #000080;\">\u201creservado\u201d<\/span><\/em><\/strong> colocaban sillas, muy bien acondicionados e ingresaban con dos hermosos arreglos florales, el, en este caso agraviado nos coment\u00f3 que \u00e9l estaba acompa\u00f1ando a su mam\u00e1\u00a0 una anciana que no se la ve\u00eda en buen estado de salud, y que quer\u00eda como es lo usual pasar un <em><strong><span style=\"color: #000080;\">\u00abalgodoncito\u00bb<\/span><\/strong><\/em> por las andas de la sagrada imagen, para lo cual se hacen inmensas colas\u2026.<\/p>\n<p style=\"text-align: justify;\">Cual fue la explicaci\u00f3n para este atropello, que hab\u00eda una misa enseguida para una <span style=\"color: #000080;\"><strong><em>\u201cempresa que hab\u00eda pagado por ello\u201d\u2026<\/em><\/strong><\/span><\/p>\n<p style=\"text-align: justify;\"><span style=\"color: #000080;\"><strong><em>\u00bfQu\u00e9 cosa? Pues si se\u00f1or \u00a0en estos d\u00edas la fe tambi\u00e9n tiene precio\u2026Inadmisible\u2026 Ante tal\u00a0 desatino, quisimos hablar con el responsable, y nos dirigimos a un hermano que estaba de guardia en la entrada al cual le explicamos nuestro disgusto, nos dio la raz\u00f3n y nos envi\u00f3 a entrevistarnos con el Director de Andas, \u00a0pues hacia all\u00ed nos dirigimos, y cu\u00e1l no ser\u00eda nuestra sorpresa que al identificarnos, \u201cen un esp\u00edritu de cuerpo mal entendido o si\u201d no sabemos \u00a0\u00a0todos los hermanos perdieron la memoria y no sab\u00edan quien era, puesto que los rotaban\u2026<\/em><\/strong><\/span><\/p>\n<p style=\"text-align: justify;\"><span style=\"color: #000080;\"><strong><em>As\u00ed las cosas nos retiramos, no obstante expresamos nuestro disgusto \u00a0por la comercializaci\u00f3n que se hace con la fe del pueblo, todo, absolutamente todo tienen precio, empezando por los dichosos algodoncitos que pasan por las andas del Sr. \u00a0y toda la parafernalia \u00a0alrededor del de vendedores ambulantes d\u00f3nde Ud. encuentra desde un cirio morado hasta el famoso \u201cTurr\u00f3n de Do\u00f1a Pepa\u201d<\/em><\/strong><\/span><\/p>\n<p style=\"text-align: justify;\">\u00a0Finalmente tengo que decirle que la fe no se vende y la defender\u00e1 siempre y estamos seguros que si Jes\u00fas si volviera a este mundo igual utilizar\u00eda el l\u00e1tigo para echar a estos mercaderes de su templo\u2026<\/p>\n<p style=\"text-align: right;\">\u00a0Mg. Elena Villar<\/p>\n<p style=\"text-align: right;\">Directora<\/p>\n<p style=\"text-align: justify;\">*<span style=\"color: #000080;\"><em>(Santuario Nacional y Monasterio de Las Nazarenas \u00a0que es un complejo religioso dedicado al culto del Patr\u00f3n del Per\u00fa, el Se\u00f1or de los Milagros dirigido por las Madres Nazarenas Carmelitas Descalzas. Se encuentra en el rect\u00e1ngulo cuyo contorno incluye la Avenida Tacna, el Jir\u00f3n Huancavelica, el Jir\u00f3n Chancay y la Avenida Emancipaci\u00f3n, en la antigua zona de Pachacamilla, esta considerado Patrimonio de la Humanidad (parte de \u00abCentro hist\u00f3rico de Lima\u00bb, 1991 y Patrimonio Cultural de la Naci\u00f3n desde 1972)<\/em><\/span><\/p>\n","protected":false},"excerpt":{"rendered":"<p>Como hace varios a\u00f1os, nos llegamos hasta la Iglesia de las Nazarenas* a ver de cerca y escuchar misa en este Santuario. Tratar de explicarles a Uds. mis dilectos lectores y amigos lo que se siente al estar frente\u00a0 a la imponente anda e imagen de nuestro amado Sr. de los Milagros \u00a0es imposible, porque estas sensaciones m\u00edsticas o espirituales son propias de cada quien. Por lo tanto manifestaciones de esta fe en el templo se ven muchas, y no s\u00f3lo en personas, mayores, de all\u00ed lo que motiva estas l\u00edneas. Les comento a mis lectores extranjeros, como el templo&#8230;<\/p>\n","protected":false},"author":1,"featured_media":0,"comment_status":"open","ping_status":"open","sticky":false,"template":"","format":"standard","meta":{"footnotes":""},"categories":[345],"tags":[99,6132,6247,330,749],"class_list":["post-32051","post","type-post","status-publish","format-standard","hentry","category-editorial","tag-elenita-villar","tag-portal-de-noticias-turistamagazine","tag-sr-de-los-milagros","tag-turismo-en-el-peru","tag-turistamagazine"],"_links":{"self":[{"href":"https:\/\/www.turistamagazine.com\/v2\/index.php?rest_route=\/wp\/v2\/posts\/32051","targetHints":{"allow":["GET"]}}],"collection":[{"href":"https:\/\/www.turistamagazine.com\/v2\/index.php?rest_route=\/wp\/v2\/posts"}],"about":[{"href":"https:\/\/www.turistamagazine.com\/v2\/index.php?rest_route=\/wp\/v2\/types\/post"}],"author":[{"embeddable":true,"href":"https:\/\/www.turistamagazine.com\/v2\/index.php?rest_route=\/wp\/v2\/users\/1"}],"replies":[{"embeddable":true,"href":"https:\/\/www.turistamagazine.com\/v2\/index.php?rest_route=%2Fwp%2Fv2%2Fcomments&post=32051"}],"version-history":[{"count":2,"href":"https:\/\/www.turistamagazine.com\/v2\/index.php?rest_route=\/wp\/v2\/posts\/32051\/revisions"}],"predecessor-version":[{"id":32053,"href":"https:\/\/www.turistamagazine.com\/v2\/index.php?rest_route=\/wp\/v2\/posts\/32051\/revisions\/32053"}],"wp:attachment":[{"href":"https:\/\/www.turistamagazine.com\/v2\/index.php?rest_route=%2Fwp%2Fv2%2Fmedia&parent=32051"}],"wp:term":[{"taxonomy":"category","embeddable":true,"href":"https:\/\/www.turistamagazine.com\/v2\/index.php?rest_route=%2Fwp%2Fv2%2Fcategories&post=32051"},{"taxonomy":"post_tag","embeddable":true,"href":"https:\/\/www.turistamagazine.com\/v2\/index.php?rest_route=%2Fwp%2Fv2%2Ftags&post=32051"}],"curies":[{"name":"wp","href":"https:\/\/api.w.org\/{rel}","templated":true}]}}