{"id":31981,"date":"2017-10-26T10:40:12","date_gmt":"2017-10-26T15:40:12","guid":{"rendered":"http:\/\/www.turistamagazine.com\/v2\/?p=31981"},"modified":"2017-10-27T10:39:20","modified_gmt":"2017-10-27T15:39:20","slug":"censo-nacional-2017-no-dio-el-resultado-esperado","status":"publish","type":"post","link":"https:\/\/www.turistamagazine.com\/v2\/?p=31981","title":{"rendered":"CENSO NACIONAL 2017 NO DIO EL RESULTADO ESPERADO"},"content":{"rendered":"<p style=\"text-align: justify;\"><span style=\"color: #000080;\"><strong>FRAN-CA-MENTE.-<\/strong><\/span> La poblaci\u00f3n cumpli\u00f3, \u00a0\u00a0y como integrante de este <span style=\"color: #000080;\"><em><strong>\u201cpeculiar\u201d<\/strong><\/em> <\/span>pueblo peruano nos quedamos en casa, y casi nos quedamos sin ser censados, no obstante haber \u00a0dejado las cortinas de la sala entreabiertas, si\u00a0 no es por Pimky mi Angelito guardi\u00e1n que le gru\u00f1e a cualquier cosa que no conoce, ni cuenta nos damos que el empadronador s\u00f3lo toc\u00f3 la puerta de la vecina, en mi peque\u00f1o edifico s\u00f3lo somos dos familias en un tercer piso\u2026<\/p>\n<p style=\"text-align: justify;\">Eras la 4:30 de la tarde y el entusiasta empadronador, ten\u00eda hambre, no hab\u00eda comido nada, y el entusiasmo ya estaba por los suelos, pues a nosotros nos hicieron preguntas m\u00ednimas.<\/p>\n<p style=\"text-align: justify;\">A la controversial pregunta 25 sobre <span style=\"color: #000080;\">\u201c<strong><em>Por sus costumbres o antepasados, \u00bfUsted se siente o considera? Y se\u00f1alan una serie de preguntas referidas a<\/em><\/strong> <strong><em>grupos, de Ind\u00edgenas,<\/em><\/strong> <strong><em>afroperuanos, blancos, mestizos\u201d Al responderle que nos sent\u00edamos 100% peruanos, nos replic\u00f3 \u201centonces Ud. se siente mestiza\u201d \u00bf\u2026? \u00a1No! Ponga Ud. mi respuesta \u00a1ah! Entonces la pongo en otros \u00bf\u2026? <\/em><\/strong><\/span><\/p>\n<p style=\"text-align: justify;\"><strong><em>\u00a0<span style=\"color: #000080;\">La opini\u00f3n generalizada es que se perdi\u00f3 tiempo dinero de todos los peruanos\u2026 y que este censo realizado despu\u00e9s de 10 a\u00f1os, no cumplir\u00e1 con los objetivos propuesto. <\/span><\/em><\/strong><span style=\"color: #000080;\">\u00a0<\/span><\/p>\n<p style=\"text-align: justify;\">Casi todos los <span style=\"color: #000080;\"><strong><em>\u201cvoluntarios empadronadores<\/em><\/strong>\u201d<\/span> se quejan de que no les dieron el <span style=\"color: #000080;\"><strong><em>\u201cfranciscano refrigerio\u201d<\/em><\/strong> <\/span>y que tuvieron que trabajar algunos m\u00e1s all\u00e1 de las 10 dela noche.<\/p>\n<p style=\"text-align: justify;\">Hasta el d\u00eda de hoy el INEI no ha cumplido con el pago ofrecido a los <span style=\"color: #000080;\"><strong><em>\u00abvoluntarios\u00bb y evidentemente\u00a0 levantamos nuestra voz de protesta por el abuso cometo cometido por un indeseable encuestado a una mujer peruana que cumpl\u00eda con si deber c\u00edvico.\u00a0 \u00a1Basta ya! No se puede tolerar\u00a0 tanta violencia contra las mujeres, la Ministra de la mujer a pedido 25 a\u00f1os de c\u00e1rcel para este innombrable,\u00a0 nosotros pedir\u00edamos cadena perpetua sobre todo\u00a0 para los que atacan a nuestros ni\u00f1os y que sirva de ejemplo a toda esta c\u00e1fila de abusadores&#8230;\u00a0<\/em><\/strong><\/span><\/p>\n<p style=\"text-align: justify;\">Estas y muchas otras quejas se han realizado am\u00e9n, de los pol\u00e9micos, stickers y polos con el logo de una\u00a0 popular Unv.\u00a0<em><strong><span style=\"color: #000080;\"><span style=\"color: #000080;\">\u00a0Una familia se queja que se comieron la parrillada estuvieron como nunca\u00a0todos en familia\u2026<\/span><\/span><\/strong><\/em> <span style=\"color: #000080;\"><strong><em>Se acabaron las \u201cchelas\u201d y nadie se acerc\u00f3 a \u201ccensarlos\u201d\u2026 No\u2026As\u00ed no , tampoco, tampoco\u2026<\/em><\/strong> \u00a0<strong>FRAN- CA &#8211; MENTE<\/strong><\/span><\/p>\n<p>Foto: Facebook)<a href=\"https:\/\/www.turistamagazine.com\/v2\/wp-content\/uploads\/2017\/10\/59ed2888e3d12.jpeg\"><img decoding=\"async\" class=\"alignnone wp-image-31982\" src=\"https:\/\/www.turistamagazine.com\/v2\/wp-content\/uploads\/2017\/10\/59ed2888e3d12.jpeg\" alt=\"\" width=\"500\" height=\"287\" \/><\/a><\/p>\n","protected":false},"excerpt":{"rendered":"<p>FRAN-CA-MENTE.- La poblaci\u00f3n cumpli\u00f3, \u00a0\u00a0y como integrante de este \u201cpeculiar\u201d pueblo peruano nos quedamos en casa, y casi nos quedamos sin ser censados, no obstante haber \u00a0dejado las cortinas de la sala entreabiertas, si\u00a0 no es por Pimky mi Angelito guardi\u00e1n que le gru\u00f1e a cualquier cosa que no conoce, ni cuenta nos damos que el empadronador s\u00f3lo toc\u00f3 la puerta de la vecina, en mi peque\u00f1o edifico s\u00f3lo somos dos familias en un tercer piso\u2026 Eras la 4:30 de la tarde y el entusiasta empadronador, ten\u00eda hambre, no hab\u00eda comido nada, y el entusiasmo ya estaba por los suelos,&#8230;<\/p>\n","protected":false},"author":1,"featured_media":0,"comment_status":"open","ping_status":"open","sticky":false,"template":"","format":"standard","meta":{"footnotes":""},"categories":[346],"tags":[7658,99,6132,749],"class_list":["post-31981","post","type-post","status-publish","format-standard","hentry","category-francamente","tag-censo-nacional-2017","tag-elenita-villar","tag-portal-de-noticias-turistamagazine","tag-turistamagazine"],"_links":{"self":[{"href":"https:\/\/www.turistamagazine.com\/v2\/index.php?rest_route=\/wp\/v2\/posts\/31981","targetHints":{"allow":["GET"]}}],"collection":[{"href":"https:\/\/www.turistamagazine.com\/v2\/index.php?rest_route=\/wp\/v2\/posts"}],"about":[{"href":"https:\/\/www.turistamagazine.com\/v2\/index.php?rest_route=\/wp\/v2\/types\/post"}],"author":[{"embeddable":true,"href":"https:\/\/www.turistamagazine.com\/v2\/index.php?rest_route=\/wp\/v2\/users\/1"}],"replies":[{"embeddable":true,"href":"https:\/\/www.turistamagazine.com\/v2\/index.php?rest_route=%2Fwp%2Fv2%2Fcomments&post=31981"}],"version-history":[{"count":3,"href":"https:\/\/www.turistamagazine.com\/v2\/index.php?rest_route=\/wp\/v2\/posts\/31981\/revisions"}],"predecessor-version":[{"id":32002,"href":"https:\/\/www.turistamagazine.com\/v2\/index.php?rest_route=\/wp\/v2\/posts\/31981\/revisions\/32002"}],"wp:attachment":[{"href":"https:\/\/www.turistamagazine.com\/v2\/index.php?rest_route=%2Fwp%2Fv2%2Fmedia&parent=31981"}],"wp:term":[{"taxonomy":"category","embeddable":true,"href":"https:\/\/www.turistamagazine.com\/v2\/index.php?rest_route=%2Fwp%2Fv2%2Fcategories&post=31981"},{"taxonomy":"post_tag","embeddable":true,"href":"https:\/\/www.turistamagazine.com\/v2\/index.php?rest_route=%2Fwp%2Fv2%2Ftags&post=31981"}],"curies":[{"name":"wp","href":"https:\/\/api.w.org\/{rel}","templated":true}]}}