{"id":31753,"date":"2017-10-06T09:00:05","date_gmt":"2017-10-06T14:00:05","guid":{"rendered":"http:\/\/www.turistamagazine.com\/v2\/?p=31753"},"modified":"2017-10-06T09:00:05","modified_gmt":"2017-10-06T14:00:05","slug":"papa-francisco-esconder-la-realidad-de-los-abusos-sexuales-es-un-error-muy-grave","status":"publish","type":"post","link":"https:\/\/www.turistamagazine.com\/v2\/?p=31753","title":{"rendered":"PAPA FRANCISCO: ESCONDER LA REALIDAD DE LOS ABUSOS SEXUALES ES UN ERROR MUY GRAVE"},"content":{"rendered":"<p>06\/10\/2017\/\/VATICANO \u201cEsconder la realidad de los abusos sexuales es un error grav\u00edsimo\u201d. El Papa Francisco se ha mostrado as\u00ed de categ\u00f3rico durante un encuentro en el Vaticano con los participantes del congreso \u201cDignidad del ni\u00f1o en el mundo digital\u201d que ha tenido lugar en Roma estos d\u00edas.<\/p>\n<p>Francisco abord\u00f3 sin tapujos este asunto y se pregunt\u00f3: \u201c\u00bfno hemos entendido demasiado bien en estos a\u00f1os que ocultar la realidad del abuso sexual es un grav\u00edsimo error y fuente de tantos males?\u201d.<\/p>\n<p>\u201cLa Iglesia Cat\u00f3lica en los \u00faltimos a\u00f1os se ha hecho cada vez m\u00e1s consciente de no haber hecho lo suficiente en su interior para la protecci\u00f3n de los menores: han salido a la luz hechos grav\u00edsimos de los que hemos tenido que reconocer nuestra responsabilidad ante Dios, ante las v\u00edctimas y ante la opini\u00f3n p\u00fablica\u201d.<\/p>\n<p>El Papa reflexion\u00f3 tambi\u00e9n sobre la protecci\u00f3n eficaz de la dignidad de los menores en el mundo digital y record\u00f3 que \u201cel reconocimiento y la defensa de la dignidad de la persona humana es el principio y el fundamento de todo orden social y pol\u00edtico leg\u00edtimo\u201d.<\/p>\n<p>\u201cDebemos dedicarnos a proteger la dignidad de los ni\u00f1os con ternura pero tambi\u00e9n con gran determinaci\u00f3n, luchando con todas las fuerzas contra esa cultura de descarte que hoy se manifiesta de muchas maneras en detrimento sobre todo de los m\u00e1s d\u00e9biles y vulnerables, como son precisamente los menores\u201d.<\/p>\n<p>Francisco record\u00f3 que m\u00e1s de 800 millones de ni\u00f1os utilizan internet y se pregunt\u00f3 qu\u00e9 es exactamente lo que encuentran en la red.<\/p>\n<p>\u201cMiremos la realidad tal y como la hab\u00e9is visto en estos d\u00edas. En la red se est\u00e1n propagando fen\u00f3menos extremadamente peligrosos: la difusi\u00f3n de im\u00e1genes pornogr\u00e1ficas cada vez m\u00e1s extremas porque con la adicci\u00f3n se eleva el umbral de la estimulaci\u00f3n\u201d, denunci\u00f3 el Papa.<\/p>\n<p>Pero tambi\u00e9n habl\u00f3 del creciente fen\u00f3meno del \u201csexting\u201d entre chicos y chicas que usan las redes sociales, as\u00ed como \u201cla intimidaci\u00f3n que se da cada vez m\u00e1s en la red y representa una aut\u00e9ntica violencia moral y f\u00edsica contra la dignidad de los dem\u00e1s j\u00f3venes\u201d.<\/p>\n<p>Entre los peligros que entra\u00f1a la red, tambi\u00e9n se encuentran el de la \u201cextorsi\u00f3n\u201d, as\u00ed como \u201cla captaci\u00f3n a trav\u00e9s de la red de menores con fines sexuales\u201d que \u201ces ya un hecho del que hablan continuamente las noticias\u201d.<\/p>\n<p>Sin olvidar \u201clos cr\u00edmenes m\u00e1s graves y estremecedores de la organizaci\u00f3n online del tr\u00e1fico de personas, la prostituci\u00f3n, incluso de la preparaci\u00f3n y la visi\u00f3n en directo de violaciones y violencia contra menores cometidos en otras partes del mundo\u201d.<\/p>\n<p>Esto es una muestra, dijo el Pont\u00edfice, de que \u201cla red tiene su lado oscuro y regiones oscuras (la dark net) donde el mal consigue actuar y expandirse de manera siempre nueva y cada vez con m\u00e1s eficacia, extensi\u00f3n y capilaridad\u201d.<\/p>\n<p>Y el hecho es que \u201cla antigua difusi\u00f3n de la pornograf\u00eda a trav\u00e9s de medios impresos era un fen\u00f3meno de peque\u00f1as dimensiones comparado con lo que est\u00e1 sucediendo hoy en d\u00eda, de una manera cada vez m\u00e1s creciente y r\u00e1pida, a trav\u00e9s de la red\u201d.<\/p>\n<p>Para frenar estos fen\u00f3menos, pidi\u00f3 no dejarse \u201cdominar por el miedo\u201d y a movilizarse \u201csabiendo que nos necesitamos mutuamente para buscar y encontrar el camino y las actitudes adecuadas que ayuden a dar respuestas eficaces\u201d.<\/p>\n<p>A continuaci\u00f3n, cit\u00f3 3 errores en los que se pueden caer:<\/p>\n<p>El primero de ellos, subestimar el da\u00f1o que pueden hacer a los menores. \u201cLos avances en la neurobiolog\u00eda, la psicolog\u00eda, la psiquiatr\u00eda, nos llevan a destacar el profundo impacto que las im\u00e1genes violentas y sexuales tienen en las d\u00factiles mentes de los ni\u00f1os, a reconocer los trastornos psicol\u00f3gicos que se manifiestan en el crecimiento, las situaciones y comportamientos adictivos, de aut\u00e9ntica esclavitud resultantes del abuso en el consumo de im\u00e1genes provocativas o violentas. Son trastornos que repercutir\u00e1n fuertemente durante toda la vida de los ni\u00f1os actuales\u201d.<\/p>\n<p>Pero tambi\u00e9n reconoci\u00f3 que estos problemas se dan en muchos adultos, por ejemplo, con la difusi\u00f3n de una pornograf\u00eda \u201ccada vez m\u00e1s extrema\u201d.<\/p>\n<p>El segundo, pensar que los programas de bloqueo en computadoras y otros aparatos son suficientes para que los menores accedan a esos contenidos.<\/p>\n<p>El tercero es tener \u201cuna visi\u00f3n ideol\u00f3gica y m\u00edtica de la red como un reino de libertad sin l\u00edmites\u201d, para lo que son necesarias leyes y mecanismos que impidan cometer estos \u201ccr\u00edmenes\u201d.<\/p>\n<p>\u201cSe trata de despertar la conciencia sobre la gravedad de los problemas, de hacer leyes apropiadas, de controlar el desarrollo de la tecnolog\u00eda, de identificar a las v\u00edctimas y perseguir a los culpables de cr\u00edmenes, de ayudar en su rehabilitaci\u00f3n a los menores afectados\u201d, se\u00f1al\u00f3 el Papa.<\/p>\n<p>F\/ ACI Prensa<\/p>\n","protected":false},"excerpt":{"rendered":"<p>06\/10\/2017\/\/VATICANO \u201cEsconder la realidad de los abusos sexuales es un error grav\u00edsimo\u201d. El Papa Francisco se ha mostrado as\u00ed de categ\u00f3rico durante un encuentro en el Vaticano con los participantes del congreso \u201cDignidad del ni\u00f1o en el mundo digital\u201d que ha tenido lugar en Roma estos d\u00edas. Francisco abord\u00f3 sin tapujos este asunto y se pregunt\u00f3: \u201c\u00bfno hemos entendido demasiado bien en estos a\u00f1os que ocultar la realidad del abuso sexual es un grav\u00edsimo error y fuente de tantos males?\u201d. \u201cLa Iglesia Cat\u00f3lica en los \u00faltimos a\u00f1os se ha hecho cada vez m\u00e1s consciente de no haber hecho lo suficiente&#8230;<\/p>\n","protected":false},"author":1,"featured_media":0,"comment_status":"open","ping_status":"open","sticky":false,"template":"","format":"standard","meta":{"footnotes":""},"categories":[4,84],"tags":[99,171,6132,330,749],"class_list":["post-31753","post","type-post","status-publish","format-standard","hentry","category-breaking-news","category-internacionales","tag-elenita-villar","tag-papa-francisco","tag-portal-de-noticias-turistamagazine","tag-turismo-en-el-peru","tag-turistamagazine"],"_links":{"self":[{"href":"https:\/\/www.turistamagazine.com\/v2\/index.php?rest_route=\/wp\/v2\/posts\/31753","targetHints":{"allow":["GET"]}}],"collection":[{"href":"https:\/\/www.turistamagazine.com\/v2\/index.php?rest_route=\/wp\/v2\/posts"}],"about":[{"href":"https:\/\/www.turistamagazine.com\/v2\/index.php?rest_route=\/wp\/v2\/types\/post"}],"author":[{"embeddable":true,"href":"https:\/\/www.turistamagazine.com\/v2\/index.php?rest_route=\/wp\/v2\/users\/1"}],"replies":[{"embeddable":true,"href":"https:\/\/www.turistamagazine.com\/v2\/index.php?rest_route=%2Fwp%2Fv2%2Fcomments&post=31753"}],"version-history":[{"count":1,"href":"https:\/\/www.turistamagazine.com\/v2\/index.php?rest_route=\/wp\/v2\/posts\/31753\/revisions"}],"predecessor-version":[{"id":31755,"href":"https:\/\/www.turistamagazine.com\/v2\/index.php?rest_route=\/wp\/v2\/posts\/31753\/revisions\/31755"}],"wp:attachment":[{"href":"https:\/\/www.turistamagazine.com\/v2\/index.php?rest_route=%2Fwp%2Fv2%2Fmedia&parent=31753"}],"wp:term":[{"taxonomy":"category","embeddable":true,"href":"https:\/\/www.turistamagazine.com\/v2\/index.php?rest_route=%2Fwp%2Fv2%2Fcategories&post=31753"},{"taxonomy":"post_tag","embeddable":true,"href":"https:\/\/www.turistamagazine.com\/v2\/index.php?rest_route=%2Fwp%2Fv2%2Ftags&post=31753"}],"curies":[{"name":"wp","href":"https:\/\/api.w.org\/{rel}","templated":true}]}}