{"id":31622,"date":"2017-09-29T07:35:37","date_gmt":"2017-09-29T12:35:37","guid":{"rendered":"http:\/\/www.turistamagazine.com\/v2\/?p=31622"},"modified":"2017-09-29T07:35:37","modified_gmt":"2017-09-29T12:35:37","slug":"el-dia-mundial-del-turismo-de-2017-analiza-la-contribucion-del-turismo-sostenible-al-desarrollo","status":"publish","type":"post","link":"https:\/\/www.turistamagazine.com\/v2\/?p=31622","title":{"rendered":"EL D\u00cdA MUNDIAL DEL TURISMO DE 2017 ANALIZA LA CONTRIBUCI\u00d3N DEL TURISMO SOSTENIBLE AL DESARROLLO"},"content":{"rendered":"<p style=\"text-align: justify;\">Celebrado en todo el mundo desde 1980, el D\u00eda Mundial del Turismo se conmemora el 27 de septiembre. Este a\u00f1o, las celebraciones oficiales han tenido lugar en Doha, la capital de Catar.<\/p>\n<p style=\"text-align: justify;\">Promocionar el potencial del turismo sostenible como instrumento de desarrollo es uno de los objetivos de las celebraciones del D\u00eda Mundial del Turismo. Las celebraciones oficiales que se desarrollaron por segunda vez en Catar, pa\u00eds que acogi\u00f3 ya el evento en 2005, reunieron a ministros de Turismo, empresarios del sector e investigadores, entre otros agentes clave del sector. <span style=\"color: #000080;\"><strong><em>El evento fue inaugurado por el Primer Ministro y Ministro del Interior de Catar, S.E. el jeque Abdullah bin Nasser Bin Khalifa Al Thani, quien incidi\u00f3 en el rendimiento del turismo y los v\u00ednculos del sector con los 17 Objetivos de Desarrollo Sostenible, as\u00ed como en el potencial del sector en la diversificaci\u00f3n econ\u00f3mica.<\/em><\/strong><\/span><\/p>\n<p style=\"text-align: justify;\">Tal como afirm\u00f3 el Secretario General de la OMT, Taleb Rifai, <span style=\"color: #000080;\"><strong><em>\u00abcelebrar el D\u00eda Mundial del Turismo nos invita a reflexionar sobre la fuerza transformadora del turismo para avanzar hacia un mundo mejor y para impulsar el desarrollo sostenible en sus cinco pilares: el econ\u00f3mico, el social, el ambiental, el cultural y el de la paz\u00bb.<\/em><\/strong><\/span><\/p>\n<p style=\"text-align: justify;\"><strong><em><span style=\"color: #000080;\">\u201cEl turismo ha sido reconocido por las autoridades de Catar como una herramienta de desarrollo sostenible, y ha sido identificado como uno de los sectores prioritarios para diversificar la econom\u00eda. Nos sentimos especialmente honrados por recibir en Doha a importantes miembros de la comunidad tur\u00edstica mundial para la celebraci\u00f3n oficial del D\u00eda Mundial del Turismo, en la que hemos sido testigos de la presentaci\u00f3n del pr\u00f3ximo cap\u00edtulo de la Estrategia del Sector Tur\u00edstico de Catar. Mientras continuamos este viaje, esperamos poder compartir nuestro destino con m\u00e1s visitantes, inversores y profesionales del turismo\u00bb<\/span>,<\/em><\/strong> manifest\u00f3 Hassan Al Ibrahim, Responsable de Desarrollo Tur\u00edstico de la Autoridad de Turismo de Catar.<\/p>\n<p style=\"text-align: justify;\">Las celebraciones oficiales que se desarrollaron por segunda vez en Qatar, pa\u00eds que acogi\u00f3 ya el evento en 2005, reunieron a ministros de turismo, empresarios del sector e investigadores, entre otros agentes clave del sector.<\/p>\n<p style=\"text-align: justify;\"><strong><em><span style=\"color: #000080;\">\u00abPara un sector que produce el 10% del PIB mundial y 1 de cada 10 puestos de trabajo en el mundo, es crucial que protejamos el crecimiento para que sea sostenible<\/span>.<\/em><\/strong><\/p>\n<p style=\"text-align: justify;\">Este A\u00f1o Internacional del Turismo Sostenible para el Desarrollo deber\u00eda crear un legado basado en tres aspectos clave: <strong><em><span style=\"color: #000080;\">ofrecer una mejor gesti\u00f3n para protegerse de ciertos efectos de los viajes y el turismo, seguir potenciando una estrecha colaboraci\u00f3n, no solo entre la OMT y el Consejo Mundial de Viajes y Turismo, sino tambi\u00e9n entre el sector p\u00fablico y el privado, en los destinos y en los pa\u00edses; y contar las historias, compartir la inspiraci\u00f3n, seguir hablando de ello\u00bb<\/span>,<\/em><\/strong> mencion\u00f3 Helen Marano, Vicepresidenta Senior del Consejo Mundial de Viajes y Turismo (World Travel and Tourism Council \u2013 WTTC), en la inauguraci\u00f3n del evento.<\/p>\n<p style=\"text-align: justify;\">Las celebraciones incluyeron la intervenci\u00f3n dedicada a <span style=\"color: #000080;\"><strong><em>\u00abEl papel de la aviaci\u00f3n en la construcci\u00f3n del turismo sostenible<\/em><\/strong>\u00bb,<\/span> impartida por Akbar Al Baker, director general Global de Qatar Airways, y un debate integrado por ministros de Turismo y otros personalidades de organismos internacionales, y moderado por Max Forster, de CNN Internacional, sobre <span style=\"color: #000080;\"><strong><em>\u00abEl turismo como medio de crear oportunidades y potenciar la conservaci\u00f3n de la cultura y el entendimiento mutuo\u00bb<\/em><\/strong><\/span>. La sesi\u00f3n abord\u00f3 la capacidad del turismo de crear empleo y abrir nuevas oportunidades a las comunidades, as\u00ed como la contribuci\u00f3n del sector a la creaci\u00f3n de riqueza, la inversi\u00f3n y las exportaciones.<\/p>\n<p style=\"text-align: justify;\">En el debate, participan las siguientes personalidades: Edmund Bartlett, ministro de Turismo de Jamaica; Eugene Lenn Nagbe, ministro de Informaci\u00f3n, Cultura y Turismo de Liberia; Selma Elloumi Rekik, ministra de Turismo y Artesan\u00eda de T\u00fanez; Avedis Guidanian, ministro de Turismo del L\u00edbano; Chaudhry Abdul Ghafoor Khan, director gerente de Pakistan Tourism Development Corporation; Frano Matu\u0161i\u0107, secretario de estado en el Ministerio de Turismo de Croacia; Akbar Al Baker, director general global de Qatar Airways; y Anna Paolini, directora de la Oficina de la UNESCO en Doha.<\/p>\n<p style=\"text-align: justify;\">El rol de la comunicaci\u00f3n en el Turismo fue puesto en valor por Tom Hall, director editorial de Lonely Planet, quien realiz\u00f3 una presentaci\u00f3n sobre la importancia de la comunicaci\u00f3n relacionada con el turismo con fines de desarrollo. La ponencia fue seguida de una mesa redonda sobre <span style=\"color: #000080;\"><strong><em>\u00abEl turismo y el planeta: comprometidos con un futuro m\u00e1s verde\u00bb.<\/em><\/strong><\/span><\/p>\n<p style=\"text-align: justify;\">En el panel de debate participaron Abdulla Hassan Al-Mehshadi, director general de Msheireb Properties; Fernando Olivera, secretario de turismo del estado de Guanajuato en M\u00e9xico; Sofia Panayiotaki, directora gerente de PRMediaCo; Patricio Azc\u00e1rate D\u00edaz de Losada, director del Instituto de Turismo Responsable; y David Ermen, gerente senior del Lodging and Tourism Clients Group de PwC.<\/p>\n","protected":false},"excerpt":{"rendered":"<p>Celebrado en todo el mundo desde 1980, el D\u00eda Mundial del Turismo se conmemora el 27 de septiembre. Este a\u00f1o, las celebraciones oficiales han tenido lugar en Doha, la capital de Catar. Promocionar el potencial del turismo sostenible como instrumento de desarrollo es uno de los objetivos de las celebraciones del D\u00eda Mundial del Turismo. Las celebraciones oficiales que se desarrollaron por segunda vez en Catar, pa\u00eds que acogi\u00f3 ya el evento en 2005, reunieron a ministros de Turismo, empresarios del sector e investigadores, entre otros agentes clave del sector. El evento fue inaugurado por el Primer Ministro y Ministro&#8230;<\/p>\n","protected":false},"author":1,"featured_media":31625,"comment_status":"open","ping_status":"open","sticky":false,"template":"","format":"standard","meta":{"footnotes":""},"categories":[87],"tags":[6796,7173,7637,126,6132,749],"class_list":["post-31622","post","type-post","status-publish","format-standard","has-post-thumbnail","hentry","category-actualidad","tag-27-de-setiembre-dia-mundial-del-turismo","tag-catar","tag-doha","tag-omt","tag-portal-de-noticias-turistamagazine","tag-turistamagazine"],"_links":{"self":[{"href":"https:\/\/www.turistamagazine.com\/v2\/index.php?rest_route=\/wp\/v2\/posts\/31622","targetHints":{"allow":["GET"]}}],"collection":[{"href":"https:\/\/www.turistamagazine.com\/v2\/index.php?rest_route=\/wp\/v2\/posts"}],"about":[{"href":"https:\/\/www.turistamagazine.com\/v2\/index.php?rest_route=\/wp\/v2\/types\/post"}],"author":[{"embeddable":true,"href":"https:\/\/www.turistamagazine.com\/v2\/index.php?rest_route=\/wp\/v2\/users\/1"}],"replies":[{"embeddable":true,"href":"https:\/\/www.turistamagazine.com\/v2\/index.php?rest_route=%2Fwp%2Fv2%2Fcomments&post=31622"}],"version-history":[{"count":1,"href":"https:\/\/www.turistamagazine.com\/v2\/index.php?rest_route=\/wp\/v2\/posts\/31622\/revisions"}],"predecessor-version":[{"id":31626,"href":"https:\/\/www.turistamagazine.com\/v2\/index.php?rest_route=\/wp\/v2\/posts\/31622\/revisions\/31626"}],"wp:featuredmedia":[{"embeddable":true,"href":"https:\/\/www.turistamagazine.com\/v2\/index.php?rest_route=\/wp\/v2\/media\/31625"}],"wp:attachment":[{"href":"https:\/\/www.turistamagazine.com\/v2\/index.php?rest_route=%2Fwp%2Fv2%2Fmedia&parent=31622"}],"wp:term":[{"taxonomy":"category","embeddable":true,"href":"https:\/\/www.turistamagazine.com\/v2\/index.php?rest_route=%2Fwp%2Fv2%2Fcategories&post=31622"},{"taxonomy":"post_tag","embeddable":true,"href":"https:\/\/www.turistamagazine.com\/v2\/index.php?rest_route=%2Fwp%2Fv2%2Ftags&post=31622"}],"curies":[{"name":"wp","href":"https:\/\/api.w.org\/{rel}","templated":true}]}}