{"id":31534,"date":"2017-09-25T09:35:13","date_gmt":"2017-09-25T14:35:13","guid":{"rendered":"http:\/\/www.turistamagazine.com\/v2\/?p=31534"},"modified":"2017-09-25T09:55:09","modified_gmt":"2017-09-25T14:55:09","slug":"visita-del-papa-francisco-generara-impacto-de-us-88-millones-al-pais","status":"publish","type":"post","link":"https:\/\/www.turistamagazine.com\/v2\/?p=31534","title":{"rendered":"VISITA DEL PAPA FRANCISCO GENERAR\u00c1 IMPACTO DE US$ 88 MILLONES AL PA\u00cdS"},"content":{"rendered":"<p style=\"text-align: justify;\">25\/ \/09\/ 2017\/ Lima.-La llegada del papa Francisco al Per\u00fa movilizar\u00e1 a un total de 816,000 visitantes durante su gira por las ciudades de Lima, Puerto Maldonado y Trujillo, en enero del 2018, estim\u00f3 hoy el titular del Ministerio de Comercio Exterior y Turismo (Mincetur), Eduardo Ferreyros.<\/p>\n<p style=\"text-align: justify;\"><span style=\"color: #000080;\"><em><strong>\u201cLa llegada del papa Francisco a Per\u00fa, que ser\u00e1 del 18 al 21 de enero pr\u00f3ximo, es un gran acontecimiento para nuestro pa\u00eds. Se trata de un evento que va a generar un importante dinamismo de visitas en las tres ciudades que est\u00e1n incluidas en su gira<\/strong><\/em><\/span>\u201d, sostuvo el ministro.<\/p>\n<p style=\"text-align: justify;\"><em><strong><span style=\"color: #000080;\">Gira del Sumo Pont\u00edfice<\/span><\/strong><\/em><\/p>\n<p style=\"text-align: justify;\">Precis\u00f3 que en Puerto Maldonado, a donde el Papa llegar\u00e1 el 19 de enero pr\u00f3ximo, se prev\u00e9 el arribo de un total de 76,000 visitantes.<\/p>\n<p style=\"text-align: justify;\">Los nacionales provendr\u00e1n principalmente de las regiones de Puno y Cusco; mientras que los internacionales proceder\u00e1n de Brasil y Bolivia.<\/p>\n<p style=\"text-align: justify;\">En la ciudad de Trujillo, el ministro Ferreyros calcul\u00f3 que la llegada del Papa, prevista para el 20 de enero, convocar\u00e1 a 216,000 visitantes.<\/p>\n<p style=\"text-align: justify;\">De ese total, se estima el arribo de un mayor n\u00famero de visitantes nacionales, procedentes principalmente de las regiones de Lambayeque, Piura, \u00c1ncash y Cajamarca.<\/p>\n<p style=\"text-align: justify;\">Finalmente, el titular del Mincetur proyect\u00f3 que la ciudad de Lima recibir\u00e1 a un total de 524,000 visitantes durante la estad\u00eda del Santo Pont\u00edfice.<\/p>\n<p style=\"text-align: justify;\">Esta cifra incluye la congregaci\u00f3n de visitantes durante su arribo, el 18 de enero pr\u00f3ximo, y en el marco de su participaci\u00f3n en las actividades religiosas que se llevar\u00e1n a cabo el 21 de enero.<\/p>\n<p style=\"text-align: justify;\">Cabe anotar que el n\u00famero de visitantes incluye a los turistas, entre nacionales y extranjeros (que pernoctan al menos una noche) y a los visitantes del d\u00eda (excursionistas).<\/p>\n<p style=\"text-align: justify;\"><strong><em><span style=\"color: #000080;\">Impacto econ\u00f3mico<\/span><\/em><\/strong><\/p>\n<p style=\"text-align: justify;\">Asimismo, el ministro Ferreyros estim\u00f3 que el movimiento de visitantes \u201cgenerar\u00e1 un impacto econ\u00f3mico superior a los 88 millones de d\u00f3lares\u201d durante los tres d\u00edas que durar\u00e1 la gira del papa Francisco.<\/p>\n<p style=\"text-align: justify;\">Esta cifra se sustent\u00f3 el precio de los pasajes, hospedajes, alimentaci\u00f3n y compra de souvenirs.<\/p>\n<p style=\"text-align: justify;\"><strong><em><span style=\"color: #000080;\">El Papa Francisco est\u00e1 muy entusiasmado por su visita al Per\u00fa, resalta Kuczynski<\/span><\/em><\/strong><\/p>\n<p style=\"text-align: justify;\">Como se recuerda el \u00faltimo viernes, el papa Francisco recibi\u00f3 en audiencia privada en el Palacio Apost\u00f3lico del Vaticano al presidente de la Rep\u00fablica, Pedro Pablo Kuczynski.<\/p>\n<p style=\"text-align: justify;\">\n","protected":false},"excerpt":{"rendered":"<p>25\/ \/09\/ 2017\/ Lima.-La llegada del papa Francisco al Per\u00fa movilizar\u00e1 a un total de 816,000 visitantes durante su gira por las ciudades de Lima, Puerto Maldonado y Trujillo, en enero del 2018, estim\u00f3 hoy el titular del Ministerio de Comercio Exterior y Turismo (Mincetur), Eduardo Ferreyros. \u201cLa llegada del papa Francisco a Per\u00fa, que ser\u00e1 del 18 al 21 de enero pr\u00f3ximo, es un gran acontecimiento para nuestro pa\u00eds. Se trata de un evento que va a generar un importante dinamismo de visitas en las tres ciudades que est\u00e1n incluidas en su gira\u201d, sostuvo el ministro. Gira del Sumo&#8230;<\/p>\n","protected":false},"author":1,"featured_media":0,"comment_status":"open","ping_status":"open","sticky":false,"template":"","format":"standard","meta":{"footnotes":""},"categories":[4,82],"tags":[7277,171,6132,330,749],"class_list":["post-31534","post","type-post","status-publish","format-standard","hentry","category-breaking-news","category-nacionales","tag-ministro-eduardo-ferreyros","tag-papa-francisco","tag-portal-de-noticias-turistamagazine","tag-turismo-en-el-peru","tag-turistamagazine"],"_links":{"self":[{"href":"https:\/\/www.turistamagazine.com\/v2\/index.php?rest_route=\/wp\/v2\/posts\/31534","targetHints":{"allow":["GET"]}}],"collection":[{"href":"https:\/\/www.turistamagazine.com\/v2\/index.php?rest_route=\/wp\/v2\/posts"}],"about":[{"href":"https:\/\/www.turistamagazine.com\/v2\/index.php?rest_route=\/wp\/v2\/types\/post"}],"author":[{"embeddable":true,"href":"https:\/\/www.turistamagazine.com\/v2\/index.php?rest_route=\/wp\/v2\/users\/1"}],"replies":[{"embeddable":true,"href":"https:\/\/www.turistamagazine.com\/v2\/index.php?rest_route=%2Fwp%2Fv2%2Fcomments&post=31534"}],"version-history":[{"count":3,"href":"https:\/\/www.turistamagazine.com\/v2\/index.php?rest_route=\/wp\/v2\/posts\/31534\/revisions"}],"predecessor-version":[{"id":31542,"href":"https:\/\/www.turistamagazine.com\/v2\/index.php?rest_route=\/wp\/v2\/posts\/31534\/revisions\/31542"}],"wp:attachment":[{"href":"https:\/\/www.turistamagazine.com\/v2\/index.php?rest_route=%2Fwp%2Fv2%2Fmedia&parent=31534"}],"wp:term":[{"taxonomy":"category","embeddable":true,"href":"https:\/\/www.turistamagazine.com\/v2\/index.php?rest_route=%2Fwp%2Fv2%2Fcategories&post=31534"},{"taxonomy":"post_tag","embeddable":true,"href":"https:\/\/www.turistamagazine.com\/v2\/index.php?rest_route=%2Fwp%2Fv2%2Ftags&post=31534"}],"curies":[{"name":"wp","href":"https:\/\/api.w.org\/{rel}","templated":true}]}}