{"id":31527,"date":"2017-09-23T09:10:41","date_gmt":"2017-09-23T14:10:41","guid":{"rendered":"http:\/\/www.turistamagazine.com\/v2\/?p=31527"},"modified":"2017-09-23T09:10:41","modified_gmt":"2017-09-23T14:10:41","slug":"paracas-desarrollara-i-verbena-serenata-por-dia-mundial-del-turismo","status":"publish","type":"post","link":"https:\/\/www.turistamagazine.com\/v2\/?p=31527","title":{"rendered":"PARACAS DESARROLLAR\u00c1 I VERBENA SERENATA POR D\u00cdA MUNDIAL DEL TURISMO"},"content":{"rendered":"<p style=\"text-align: justify;\">23 \/09\/2017\/ Paracas.- Bajo el lema: <strong><em><span style=\"color: #333399;\">\u201cEl Turismo Eje de Desarrollo Econ\u00f3mico de la Regi\u00f3n Ica\u201d,<\/span> <\/em><\/strong>Paracas celebrar\u00e1 el pr\u00f3ximo martes 26 de setiembre la<em><strong><span style=\"color: #333399;\"> I Verbena Serenata por el D\u00eda Mundial del Turismo.<\/span><\/strong><\/em><\/p>\n<p style=\"text-align: justify;\">Con el objetivo de promocionar y\u00a0 fortalecer el desarrollo tur\u00edstico a nivel local, regional, nacional e internacional, el distrito de Paracas ser\u00e1 escenario de la I Verbena Serenata por el D\u00eda Mundial del Turismo a desarrollarse el pr\u00f3ximo martes, 26 de setiembre.<\/p>\n<p style=\"text-align: justify;\">Para este fin, se unieron la C\u00e1mara de Turismo y Comercio Exterior de Paracas &#8211; CAPATUR, la Asociaci\u00f3n de Operadores de Transporte Tur\u00edstico Acu\u00e1tico de Paracas &#8211; AOTTAP, la Asociaci\u00f3n \u00danica de Transporte Tur\u00edstico Acu\u00e1tico Paracas &#8211; AUTTAP, el Servicio Nacional de \u00c1reas Naturales Protegidas por el Estado SERNANP y la Municipalidad Distrital de Paracas.<\/p>\n<p style=\"text-align: justify;\">La I Verbena Serenata por el D\u00eda Mundial del Turismo se realizar\u00e1 el pr\u00f3ximo martes, 26 de setiembre desde las 7.00 p.m. en el Boulevard Tur\u00edstico del \u00abChaco\u00bb Distrito de Paracas.<\/p>\n<p style=\"text-align: justify;\">El titular de CAPATUR, Eduardo J\u00e1uregui afirm\u00f3 que la referida verbena serenata\u00a0 se organiza con\u00a0 el fin de fortalecer los sentimientos y lazos de la comunidad social en el Distrito de Paracas.<\/p>\n<p style=\"text-align: justify;\">\u201c<em><strong><span style=\"color: #333399;\">Igualmente, se fortalece lazos de integraci\u00f3n a nivel de la regi\u00f3n en general, promover la integraci\u00f3n y participaci\u00f3n de todos y cada uno de los sectores econ\u00f3micos y el empresariado p\u00fablico y privado Hoteles, restaurantes, artesan\u00eda, servicios afines, sociabilidad y recibimiento al visitante\u201d<\/span><\/strong><\/em>, afirm\u00f3 el dirigente empresarial.<\/p>\n<p style=\"text-align: justify;\">Agreg\u00f3 que bajo ese entendimiento se rompe radicalmente los esquemas tradicionales que hasta la fecha a\u00fan se mantienen, precisamente por la falta de educaci\u00f3n, informaci\u00f3n y promoci\u00f3n de nuestros recursos tur\u00edsticos.<\/p>\n<p style=\"text-align: justify;\"><em><strong><span style=\"color: #333399;\">Eduardo J\u00e1uregui inform\u00f3 que La I Verbena Serenata por el D\u00eda Mundial del Turismo contar\u00e1 con los siguientes artistas:<\/span><\/strong><\/em><\/p>\n<p style=\"text-align: justify;\">-Presentaci\u00f3n Estelar: Grupo Internacional RAZA (Lima)<\/p>\n<p style=\"text-align: justify;\">-Serenata: Mariachis de Fuego (Ica)<\/p>\n<p style=\"text-align: justify;\">-Fuegos artificiales<\/p>\n<p style=\"text-align: justify;\">-Iluminaci\u00f3n de la Playa con Antorchas<\/p>\n<p style=\"text-align: justify;\">-Orquesta \u00abLos Guti\u00e9rrez\u00bb (Ica)<\/p>\n<p>&nbsp;<\/p>\n<p>&nbsp;<\/p>\n<p>&nbsp;<\/p>\n<p>&nbsp;<\/p>\n","protected":false},"excerpt":{"rendered":"<p>23 \/09\/2017\/ Paracas.- Bajo el lema: \u201cEl Turismo Eje de Desarrollo Econ\u00f3mico de la Regi\u00f3n Ica\u201d, Paracas celebrar\u00e1 el pr\u00f3ximo martes 26 de setiembre la I Verbena Serenata por el D\u00eda Mundial del Turismo. Con el objetivo de promocionar y\u00a0 fortalecer el desarrollo tur\u00edstico a nivel local, regional, nacional e internacional, el distrito de Paracas ser\u00e1 escenario de la I Verbena Serenata por el D\u00eda Mundial del Turismo a desarrollarse el pr\u00f3ximo martes, 26 de setiembre. Para este fin, se unieron la C\u00e1mara de Turismo y Comercio Exterior de Paracas &#8211; CAPATUR, la Asociaci\u00f3n de Operadores de Transporte Tur\u00edstico Acu\u00e1tico&#8230;<\/p>\n","protected":false},"author":1,"featured_media":31528,"comment_status":"open","ping_status":"open","sticky":false,"template":"","format":"standard","meta":{"footnotes":""},"categories":[4,82],"tags":[7055,7104,6132,330,749],"class_list":["post-31527","post","type-post","status-publish","format-standard","has-post-thumbnail","hentry","category-breaking-news","category-nacionales","tag-capatur","tag-eduardo-jauregui","tag-portal-de-noticias-turistamagazine","tag-turismo-en-el-peru","tag-turistamagazine"],"_links":{"self":[{"href":"https:\/\/www.turistamagazine.com\/v2\/index.php?rest_route=\/wp\/v2\/posts\/31527","targetHints":{"allow":["GET"]}}],"collection":[{"href":"https:\/\/www.turistamagazine.com\/v2\/index.php?rest_route=\/wp\/v2\/posts"}],"about":[{"href":"https:\/\/www.turistamagazine.com\/v2\/index.php?rest_route=\/wp\/v2\/types\/post"}],"author":[{"embeddable":true,"href":"https:\/\/www.turistamagazine.com\/v2\/index.php?rest_route=\/wp\/v2\/users\/1"}],"replies":[{"embeddable":true,"href":"https:\/\/www.turistamagazine.com\/v2\/index.php?rest_route=%2Fwp%2Fv2%2Fcomments&post=31527"}],"version-history":[{"count":1,"href":"https:\/\/www.turistamagazine.com\/v2\/index.php?rest_route=\/wp\/v2\/posts\/31527\/revisions"}],"predecessor-version":[{"id":31529,"href":"https:\/\/www.turistamagazine.com\/v2\/index.php?rest_route=\/wp\/v2\/posts\/31527\/revisions\/31529"}],"wp:featuredmedia":[{"embeddable":true,"href":"https:\/\/www.turistamagazine.com\/v2\/index.php?rest_route=\/wp\/v2\/media\/31528"}],"wp:attachment":[{"href":"https:\/\/www.turistamagazine.com\/v2\/index.php?rest_route=%2Fwp%2Fv2%2Fmedia&parent=31527"}],"wp:term":[{"taxonomy":"category","embeddable":true,"href":"https:\/\/www.turistamagazine.com\/v2\/index.php?rest_route=%2Fwp%2Fv2%2Fcategories&post=31527"},{"taxonomy":"post_tag","embeddable":true,"href":"https:\/\/www.turistamagazine.com\/v2\/index.php?rest_route=%2Fwp%2Fv2%2Ftags&post=31527"}],"curies":[{"name":"wp","href":"https:\/\/api.w.org\/{rel}","templated":true}]}}