{"id":31402,"date":"2017-09-12T09:24:59","date_gmt":"2017-09-12T14:24:59","guid":{"rendered":"http:\/\/www.turistamagazine.com\/v2\/?p=31402"},"modified":"2017-09-12T09:24:59","modified_gmt":"2017-09-12T14:24:59","slug":"rodrigo-cunha-alcalde-de-monte-alegre-del-sur-ejemplo-a-seguir","status":"publish","type":"post","link":"https:\/\/www.turistamagazine.com\/v2\/?p=31402","title":{"rendered":"RODRIGO CUNHA ALCALDE DE MONTE ALEGRE DEL SUR EJEMPLO A SEGUIR"},"content":{"rendered":"<p style=\"text-align: justify;\"><strong><em><span style=\"color: #333399;\">En ocasi\u00f3n de la reuni\u00f3n preparatoria de la Asamblea del F\u00f3rum Iberoamericano de Periodistas de Turismo, que tuvo lugar en junio de 2015 en la ciudad de Aguas de Lind\u00f3ia, Estado de Sao Paulo, Brasil, periodistas de cinco pa\u00edses tuvieron como anfitri\u00f3n y articulador para que dicho evento\u00a0 pudiera llevarse a cabo, a Edson Rodrigo Cunha.<\/span><\/em><\/strong><\/p>\n<p style=\"text-align: justify;\">En esa \u00e9poca \u00e9l era Secretario de Turismo de Aguas de Lind\u00f3ia y gerente del Consorcio Circuito de las Aguas Paulista, integrado por nueve ciudades que recibieron a los periodistas. Y en esa calidad, coordin\u00f3 el encuentro en esa zona de: Miriam Petrone, entonces Vicepresidente del F\u00d3RUM y Presidente Nacional de la Asociaci\u00f3n Brasilera de Periodistas de Turismo (ABRAJET); Mar\u00eda Shaw, Secretaria General del F\u00d3RUM y Delegada Alterna del C\u00edrculo de Periodistas de Turismo del Uruguay (CIPETUR); Jorge Amonzabel, Director del F\u00d3RUM por Bolivia y Presidente del C\u00edrculo de Periodistas de Turismo de Bolivia (CIPTURBOL); <em><strong><span style=\"color: #333399;\">Elena Villar, Directora del F\u00d3RUM para\u00a0 Per\u00fa- PRENSATURPERU<\/span><\/strong><\/em>; Wilson B. Sierra, entonces Secretario de Relaciones Institucionales del F\u00d3RUM y Director (i) de Relaciones con el Mercosur de la ABRAJET Nacional y de ABRAJET RS y Mariano Palacin, Presidente de FEPET (Federaci\u00f3n Espa\u00f1ola de Periodistas Especializados en Turismo). Los invitados tuvieron una apretada agenda, en la que destacaron los encuentros con autoridades y reuniones de trabajo con referentes de la zona.<\/p>\n<div id=\"attachment_31405\" style=\"width: 510px\" class=\"wp-caption aligncenter\"><img decoding=\"async\" aria-describedby=\"caption-attachment-31405\" class=\"wp-image-31405\" src=\"https:\/\/www.turistamagazine.com\/v2\/wp-content\/uploads\/2017\/09\/SAM_0744.jpg\" alt=\"\" width=\"500\" height=\"375\" \/><p id=\"caption-attachment-31405\" class=\"wp-caption-text\"><span style=\"color: #333399;\"><em>Nuestra Directora Elena Villar y Edson Rodrigo Cunha , en ese inolvidable viajes en la ciudad de Aguas de Lind\u00f3ia, Estado de Sao Paulo, Brasil<\/em><\/span><\/p><\/div>\n<p style=\"text-align: justify;\">Rodrigo es un joven con una carrera promisoria, que entiende la importancia del Turismo y cree que es un factor determinante para el desarrollo econ\u00f3mico para una ciudad. El a\u00f1o pasado compiti\u00f3 por el cargo de alcalde de su ciudad natal, la buc\u00f3lica Monte Alegre del Sur, que forma parte del Circuito de las Aguas. Gan\u00f3 la elecci\u00f3n y con ello la misi\u00f3n de transformar la ciudad que se encontraba en el olvido y que enfrentaba muchos problemas.<\/p>\n<p style=\"text-align: justify;\">Monte Alegre do Sul es una de las ciudades m\u00e1s encantadoras del Circuito de las Aguas Paulista, ya que se asemeja a ciudades europeas delos Alpes suizos. Su naturaleza exuberante, dibujada entre monta\u00f1as, el clima templado, las aguas con propiedades terap\u00e9uticas y el atractivo de las construcciones coloniales del siglo XIX, cuidadosamente preservadas, la convierten en el destino diferencial entre las dem\u00e1s. All\u00ed es posible la pr\u00e1ctica del turismo termal, turismo religioso, turismo rural, por sus varios atractivos; rica en cultura popular y tranquila para vivir, la ciudad ofrece encantos inimaginables a pocos kil\u00f3metros de la capital paulista. Su pueblo acogedor complementa la sensaci\u00f3n de bienestar.<\/p>\n<p style=\"text-align: justify;\"><em><strong><span style=\"color: #333399;\">\u00c9l hered\u00f3 una Monte Alegre del Sur sin educaci\u00f3n, sin salud, sin estructura para el Turismo (su vocaci\u00f3n); era una ciudad endeudada y fea, con sus patrimonios hist\u00f3ricos y culturales sucios, mal cuidados y donde no se celebraran las fiestas tradicionales de la ciudad. En menos de 6 meses, \u00e9l la transform\u00f3 en icono de encuentros culturales, rescat\u00f3 la vocaci\u00f3n tur\u00edstica, en el \u00e1rea educativa a\u00f1adi\u00f3 materias en la grilla extracurricular, pint\u00f3 muchos edificios hist\u00f3ricos, rescat\u00f3 fiestas folcl\u00f3ricas y fechas importantes para la ciudad, ha tra\u00eddo recursos financieros, y lo m\u00e1s importante, recuper\u00f3 el municipio para los ciudadanos. La aprobaci\u00f3n llega al 100% entre los vecinos y los habitantes de las ciudades vecinas. Para este alcalde, el d\u00eda tendr\u00eda que tener 48 horas, en lugar de 24. \u00c9l se ocupa de todo personalmente. Y ayuda a todos con paternalismo.<\/span><\/strong><\/em><\/p>\n<p style=\"text-align: justify;\">Edson Rodrigo Cunha resume que estos cambios y estas conquistas fueron realizados con\u00a0 amor y responsabilidad ciudadana.<\/p>\n<p style=\"text-align: justify;\">Actualmente ocupa los cargos de: alcalde de Monte Alegre do Sul, presidente del Consorcio Circuito de las Aguas Paulista, director del Frente Nacional de Alcaldes y Presidenta Nacional de los Consorcios P\u00fablicos de Turismo.<\/p>\n<p style=\"text-align: justify;\">Hoy la ciudad est\u00e1 transformada gracias a su experiencia y habilidad empresarial para recaudar recursos y fondos para la tan so\u00f1ada transformaci\u00f3n.<\/p>\n<p style=\"text-align: justify;\">Estas acciones no s\u00f3lo lo enaltecen como ser humano, sino que es un ejemplo para otros gestores, ya que cuando se tiene buena voluntad y ganas de trabajar, todo es posible.<\/p>\n<p style=\"text-align: justify;\"><em><strong><span style=\"color: #333399;\">Brasil se est\u00e1 renovando con los nuevos pol\u00edticos. Los que de hecho marcar\u00e1n la diferencia en el futuro del pa\u00eds.<\/span><\/strong><\/em><\/p>\n<p style=\"text-align: justify;\"><em><strong><span style=\"color: #333399;\">Inolvidable \u00a0y excelente anfitri\u00f3n Rodrigo estamos seguros que tu dedicaci\u00f3n y disciplina lograr\u00e1s todos tus planes para engrandecer tu hermosa \u00a0ciudad.<\/span><\/strong><\/em><\/p>\n","protected":false},"excerpt":{"rendered":"<p>En ocasi\u00f3n de la reuni\u00f3n preparatoria de la Asamblea del F\u00f3rum Iberoamericano de Periodistas de Turismo, que tuvo lugar en junio de 2015 en la ciudad de Aguas de Lind\u00f3ia, Estado de Sao Paulo, Brasil, periodistas de cinco pa\u00edses tuvieron como anfitri\u00f3n y articulador para que dicho evento\u00a0 pudiera llevarse a cabo, a Edson Rodrigo Cunha. En esa \u00e9poca \u00e9l era Secretario de Turismo de Aguas de Lind\u00f3ia y gerente del Consorcio Circuito de las Aguas Paulista, integrado por nueve ciudades que recibieron a los periodistas. Y en esa calidad, coordin\u00f3 el encuentro en esa zona de: Miriam Petrone, entonces&#8230;<\/p>\n","protected":false},"author":1,"featured_media":31403,"comment_status":"open","ping_status":"open","sticky":false,"template":"","format":"standard","meta":{"footnotes":""},"categories":[4,84],"tags":[115,4493,99,340,6132,749],"class_list":["post-31402","post","type-post","status-publish","format-standard","has-post-thumbnail","hentry","category-breaking-news","category-internacionales","tag-brasil","tag-edson-rodrigo-cunha","tag-elenita-villar","tag-peru","tag-portal-de-noticias-turistamagazine","tag-turistamagazine"],"_links":{"self":[{"href":"https:\/\/www.turistamagazine.com\/v2\/index.php?rest_route=\/wp\/v2\/posts\/31402","targetHints":{"allow":["GET"]}}],"collection":[{"href":"https:\/\/www.turistamagazine.com\/v2\/index.php?rest_route=\/wp\/v2\/posts"}],"about":[{"href":"https:\/\/www.turistamagazine.com\/v2\/index.php?rest_route=\/wp\/v2\/types\/post"}],"author":[{"embeddable":true,"href":"https:\/\/www.turistamagazine.com\/v2\/index.php?rest_route=\/wp\/v2\/users\/1"}],"replies":[{"embeddable":true,"href":"https:\/\/www.turistamagazine.com\/v2\/index.php?rest_route=%2Fwp%2Fv2%2Fcomments&post=31402"}],"version-history":[{"count":2,"href":"https:\/\/www.turistamagazine.com\/v2\/index.php?rest_route=\/wp\/v2\/posts\/31402\/revisions"}],"predecessor-version":[{"id":31406,"href":"https:\/\/www.turistamagazine.com\/v2\/index.php?rest_route=\/wp\/v2\/posts\/31402\/revisions\/31406"}],"wp:featuredmedia":[{"embeddable":true,"href":"https:\/\/www.turistamagazine.com\/v2\/index.php?rest_route=\/wp\/v2\/media\/31403"}],"wp:attachment":[{"href":"https:\/\/www.turistamagazine.com\/v2\/index.php?rest_route=%2Fwp%2Fv2%2Fmedia&parent=31402"}],"wp:term":[{"taxonomy":"category","embeddable":true,"href":"https:\/\/www.turistamagazine.com\/v2\/index.php?rest_route=%2Fwp%2Fv2%2Fcategories&post=31402"},{"taxonomy":"post_tag","embeddable":true,"href":"https:\/\/www.turistamagazine.com\/v2\/index.php?rest_route=%2Fwp%2Fv2%2Ftags&post=31402"}],"curies":[{"name":"wp","href":"https:\/\/api.w.org\/{rel}","templated":true}]}}