{"id":31284,"date":"2017-09-05T08:44:31","date_gmt":"2017-09-05T13:44:31","guid":{"rendered":"http:\/\/www.turistamagazine.com\/v2\/?p=31284"},"modified":"2017-09-05T08:44:31","modified_gmt":"2017-09-05T13:44:31","slug":"el-buro-de-convenciones-y-visitantes-de-lima-presente-en-la-segunda-edicion-de-ibtm-latin-america","status":"publish","type":"post","link":"https:\/\/www.turistamagazine.com\/v2\/?p=31284","title":{"rendered":"EL BUR\u00d3 DE CONVENCIONES Y VISITANTES DE LIMA PRESENTE EN LA SEGUNDA EDICI\u00d3N DE IBTM LATIN AM\u00c9RICA"},"content":{"rendered":"<p style=\"text-align: justify;\">05\/09\/ 2017\/ Lima.- <strong><em>Con el compromiso de posicionar a Lima como un destacado destino de reuniones, el Bur\u00f3 de Convenciones y Visitantes de Lima tomar\u00e1 nuevamente la posta y representar\u00e1 a la ciudad capital en una de las m\u00e1s importantes ferias de la industria MICE a nivel internacional: IBTM Latin Am\u00e9rica (Expo para los organizadores de eventos en M\u00e9xico y Latinoam\u00e9rica), a desarrollarse el 6 y 7 de setiembre en Centro Citibanamex, Ciudad M\u00e9xico (M\u00e9xico). <\/em><\/strong><\/p>\n<p style=\"text-align: justify;\">Su presidente Carlos Canales, inform\u00f3 que la presente edici\u00f3n congregar\u00e1 a los expertos en turismo de reuniones de la regi\u00f3n, albergando a m\u00e1s de 500 empresas especializadas del rubro, m\u00e1s de 7,000 actores involucrados en la organizaci\u00f3n de eventos y viajes de incentivo y m\u00e1s de 400 Hosted Buyers de toda Latinoam\u00e9rica, Norteam\u00e9rica y Europa.<\/p>\n<p style=\"text-align: justify;\">Asimismo inform\u00f3 que \u00a0ha recibido el apoyo de la Oficina Comercial del Per\u00fa en M\u00e9xico (OCEX) para la mejor participaci\u00f3n del Bur\u00f3 de \u00a0Lima en esta edici\u00f3n de la <strong><em>IBTM Latin Am\u00e9rica <\/em><\/strong>\u00a0 \u00a0.<\/p>\n<p style=\"text-align: justify;\">\u00a0<strong><em><span style=\"color: #000080;\">\u201cEn la \u00faltima edici\u00f3n del evento, Lima fue el\u00a0 destino invitado y se tuvo la vitrina perfecta para promocionar la capital peruana, en la cual se concretaron m\u00e1s de 5,693 citas de negocio, de las cuales 355 citas fueron de los co-expositores de nuestra instituci\u00f3n, logrando una proyecci\u00f3n total de ventas de US$1.7 millones de d\u00f3lares en el transcurso del a\u00f1o\u201d,\u00a0 precis\u00f3 Canales Anchorena<\/span>. <\/em><\/strong><\/p>\n<p style=\"text-align: justify;\">\u00a0El dirigente empresarial agreg\u00f3 que como dato clave, de las empresas participantes, el 100% de ellas indic\u00f3 que consideraban imprescindible asistir nuevamente al evento.<\/p>\n<p style=\"text-align: justify;\">\u00a0En virtud de los excelentes resultados y al \u00e9xito que represent\u00f3 la feria IBTM Latam 2016 tanto para los co-expositores como para nuestra instituci\u00f3n, <span style=\"color: #000080;\"><strong><em>Canales \u00a0anunci\u00f3 que en la presente edici\u00f3n 2017 el Bur\u00f3 de Lima participar\u00e1 de la mano con cuatro de sus asociados: JW Marriott Hotel Lima, The Westin Lima Hotel &amp; Convention Center, Gaston-Sacaze DMC y Sheraton Lima Hotel &amp; Convention Center en el stand 822 de IBTM Latam<\/em><\/strong>.<\/span><\/p>\n<p style=\"text-align: justify;\"><strong><em>\u00a0<span style=\"color: #000080;\">\u201cNuestra principal misi\u00f3n es promocionar a la ciudad de Lima como un destacado destino de reuniones e incentivar a los principales representantes del sector asociativo<\/span><\/em><\/strong> <strong><em><span style=\"color: #000080;\">y corporativo, reafirmamos nuestro compromiso de seguir trabajando por nuestro pa\u00eds\u201d<\/span>, <\/em><\/strong>concluy\u00f3.<\/p>\n","protected":false},"excerpt":{"rendered":"<p>05\/09\/ 2017\/ Lima.- Con el compromiso de posicionar a Lima como un destacado destino de reuniones, el Bur\u00f3 de Convenciones y Visitantes de Lima tomar\u00e1 nuevamente la posta y representar\u00e1 a la ciudad capital en una de las m\u00e1s importantes ferias de la industria MICE a nivel internacional: IBTM Latin Am\u00e9rica (Expo para los organizadores de eventos en M\u00e9xico y Latinoam\u00e9rica), a desarrollarse el 6 y 7 de setiembre en Centro Citibanamex, Ciudad M\u00e9xico (M\u00e9xico). Su presidente Carlos Canales, inform\u00f3 que la presente edici\u00f3n congregar\u00e1 a los expertos en turismo de reuniones de la regi\u00f3n, albergando a m\u00e1s de 500&#8230;<\/p>\n","protected":false},"author":1,"featured_media":31285,"comment_status":"open","ping_status":"open","sticky":false,"template":"","format":"standard","meta":{"footnotes":""},"categories":[4,82],"tags":[429,169,7471,866,6132,330,749],"class_list":["post-31284","post","type-post","status-publish","format-standard","has-post-thumbnail","hentry","category-breaking-news","category-nacionales","tag-buro-de-convenciones-y-visitantes-de-lima","tag-carlos-canales","tag-elenita-villar-asesora-de-tesis-en-turismo","tag-jw-marriott-lima","tag-portal-de-noticias-turistamagazine","tag-turismo-en-el-peru","tag-turistamagazine"],"_links":{"self":[{"href":"https:\/\/www.turistamagazine.com\/v2\/index.php?rest_route=\/wp\/v2\/posts\/31284","targetHints":{"allow":["GET"]}}],"collection":[{"href":"https:\/\/www.turistamagazine.com\/v2\/index.php?rest_route=\/wp\/v2\/posts"}],"about":[{"href":"https:\/\/www.turistamagazine.com\/v2\/index.php?rest_route=\/wp\/v2\/types\/post"}],"author":[{"embeddable":true,"href":"https:\/\/www.turistamagazine.com\/v2\/index.php?rest_route=\/wp\/v2\/users\/1"}],"replies":[{"embeddable":true,"href":"https:\/\/www.turistamagazine.com\/v2\/index.php?rest_route=%2Fwp%2Fv2%2Fcomments&post=31284"}],"version-history":[{"count":1,"href":"https:\/\/www.turistamagazine.com\/v2\/index.php?rest_route=\/wp\/v2\/posts\/31284\/revisions"}],"predecessor-version":[{"id":31286,"href":"https:\/\/www.turistamagazine.com\/v2\/index.php?rest_route=\/wp\/v2\/posts\/31284\/revisions\/31286"}],"wp:featuredmedia":[{"embeddable":true,"href":"https:\/\/www.turistamagazine.com\/v2\/index.php?rest_route=\/wp\/v2\/media\/31285"}],"wp:attachment":[{"href":"https:\/\/www.turistamagazine.com\/v2\/index.php?rest_route=%2Fwp%2Fv2%2Fmedia&parent=31284"}],"wp:term":[{"taxonomy":"category","embeddable":true,"href":"https:\/\/www.turistamagazine.com\/v2\/index.php?rest_route=%2Fwp%2Fv2%2Fcategories&post=31284"},{"taxonomy":"post_tag","embeddable":true,"href":"https:\/\/www.turistamagazine.com\/v2\/index.php?rest_route=%2Fwp%2Fv2%2Ftags&post=31284"}],"curies":[{"name":"wp","href":"https:\/\/api.w.org\/{rel}","templated":true}]}}