{"id":31189,"date":"2017-08-29T09:50:37","date_gmt":"2017-08-29T14:50:37","guid":{"rendered":"http:\/\/www.turistamagazine.com\/v2\/?p=31189"},"modified":"2017-08-29T09:50:37","modified_gmt":"2017-08-29T14:50:37","slug":"arequipa-incendio-forestal-en-reserva-salinas-y-aguada-blanca","status":"publish","type":"post","link":"https:\/\/www.turistamagazine.com\/v2\/?p=31189","title":{"rendered":"AREQUIPA: INCENDIO FORESTAL EN RESERVA SALINAS Y AGUADA BLANCA"},"content":{"rendered":"<p style=\"text-align: justify;\">29\/08\/2017\/ Arequipa.-En la Reserva Nacional Salinas y Aguada Blanca se registra un incendio forestal. Se inform\u00f3 que el siniestro inici\u00f3 cerca de las 12 y 30 horas de este lunes en una extensi\u00f3n de 100 metros cuadrados de vegetaci\u00f3n y que se fue expandiendo.<\/p>\n<p style=\"text-align: justify;\">La zona es cubierta principalmente de Ichu que es alimento para los cam\u00e9lidos sudamericanos.<\/p>\n<p style=\"text-align: justify;\">La zona en llamas se ubica a medio kil\u00f3metro de la estaci\u00f3n Pampa de Arrieros de la provincia de Arequipa. El fuego se estar\u00eda propagando en ese paraje por lo que vicu\u00f1as y guanacos estar\u00edan en peligro. Adem\u00e1s, cercano a este sector se ubica el peque\u00f1o pueblo Cachani, que tambi\u00e9n podr\u00eda verse comprometido.<\/p>\n<p style=\"text-align: justify;\">Agentes de la Polic\u00eda Nacional del sector de Chuquipampa fueron informados del incendio forestal, para que hagan lo propio con los Bomberos y as\u00ed se pueda controlar el siniestro.<\/p>\n<p style=\"text-align: justify;\">La reserva tiene una extensi\u00f3n de 366 mil 936 hect\u00e1reas y abarca las provincias de Arequipa y Caylloma (regi\u00f3n de Arequipa); y General S\u00e1nchez Cerro (regi\u00f3n Moquegua).<\/p>\n<p style=\"text-align: justify;\">Referencial Cr\u00e9ditos: La Rep\u00fablica.<\/p>\n","protected":false},"excerpt":{"rendered":"<p>29\/08\/2017\/ Arequipa.-En la Reserva Nacional Salinas y Aguada Blanca se registra un incendio forestal. Se inform\u00f3 que el siniestro inici\u00f3 cerca de las 12 y 30 horas de este lunes en una extensi\u00f3n de 100 metros cuadrados de vegetaci\u00f3n y que se fue expandiendo. La zona es cubierta principalmente de Ichu que es alimento para los cam\u00e9lidos sudamericanos. La zona en llamas se ubica a medio kil\u00f3metro de la estaci\u00f3n Pampa de Arrieros de la provincia de Arequipa. El fuego se estar\u00eda propagando en ese paraje por lo que vicu\u00f1as y guanacos estar\u00edan en peligro. Adem\u00e1s, cercano a este sector&#8230;<\/p>\n","protected":false},"author":1,"featured_media":31190,"comment_status":"open","ping_status":"open","sticky":false,"template":"","format":"standard","meta":{"footnotes":""},"categories":[4,82],"tags":[268,1359,6132,7588,749],"class_list":["post-31189","post","type-post","status-publish","format-standard","has-post-thumbnail","hentry","category-breaking-news","category-nacionales","tag-arequipa","tag-incendio-forestal","tag-portal-de-noticias-turistamagazine","tag-reserva-nacional-salinas-y-aguada-blanca","tag-turistamagazine"],"_links":{"self":[{"href":"https:\/\/www.turistamagazine.com\/v2\/index.php?rest_route=\/wp\/v2\/posts\/31189","targetHints":{"allow":["GET"]}}],"collection":[{"href":"https:\/\/www.turistamagazine.com\/v2\/index.php?rest_route=\/wp\/v2\/posts"}],"about":[{"href":"https:\/\/www.turistamagazine.com\/v2\/index.php?rest_route=\/wp\/v2\/types\/post"}],"author":[{"embeddable":true,"href":"https:\/\/www.turistamagazine.com\/v2\/index.php?rest_route=\/wp\/v2\/users\/1"}],"replies":[{"embeddable":true,"href":"https:\/\/www.turistamagazine.com\/v2\/index.php?rest_route=%2Fwp%2Fv2%2Fcomments&post=31189"}],"version-history":[{"count":1,"href":"https:\/\/www.turistamagazine.com\/v2\/index.php?rest_route=\/wp\/v2\/posts\/31189\/revisions"}],"predecessor-version":[{"id":31191,"href":"https:\/\/www.turistamagazine.com\/v2\/index.php?rest_route=\/wp\/v2\/posts\/31189\/revisions\/31191"}],"wp:featuredmedia":[{"embeddable":true,"href":"https:\/\/www.turistamagazine.com\/v2\/index.php?rest_route=\/wp\/v2\/media\/31190"}],"wp:attachment":[{"href":"https:\/\/www.turistamagazine.com\/v2\/index.php?rest_route=%2Fwp%2Fv2%2Fmedia&parent=31189"}],"wp:term":[{"taxonomy":"category","embeddable":true,"href":"https:\/\/www.turistamagazine.com\/v2\/index.php?rest_route=%2Fwp%2Fv2%2Fcategories&post=31189"},{"taxonomy":"post_tag","embeddable":true,"href":"https:\/\/www.turistamagazine.com\/v2\/index.php?rest_route=%2Fwp%2Fv2%2Ftags&post=31189"}],"curies":[{"name":"wp","href":"https:\/\/api.w.org\/{rel}","templated":true}]}}