{"id":31181,"date":"2017-08-29T09:41:32","date_gmt":"2017-08-29T14:41:32","guid":{"rendered":"http:\/\/www.turistamagazine.com\/v2\/?p=31181"},"modified":"2017-08-29T09:41:32","modified_gmt":"2017-08-29T14:41:32","slug":"cusco-emplaza-al-mtc-definir-el-cronograma-para-chinchero","status":"publish","type":"post","link":"https:\/\/www.turistamagazine.com\/v2\/?p=31181","title":{"rendered":"CUSCO EMPLAZA AL MTC DEFINIR EL CRONOGRAMA PARA CHINCHERO"},"content":{"rendered":"<p style=\"text-align: justify;\">29\/08\/2017\/Lima.- Ante el entrampamiento del proyecto del Aeropuerto Internacional de Chinchero, el gobernador regional Edwin Licona demand\u00f3 al ministro de Transportes y Comunicaciones, Bruno Giuffra, presentarse ante el Consejo de Coordinaci\u00f3n Regional (CCR), para informar sobre la modalidad en que se ejecutar\u00e1 la obra y el cronograma para el inicio de las obras f\u00edsicas .<\/p>\n<p style=\"text-align: justify;\">Si bien el Gobierno Central anunci\u00f3 que la etapa del movimiento de tierras ser\u00e1 a trav\u00e9s de la modalidad de obra p\u00fablica y se iniciar\u00e1 en enero del 2018; a\u00fan no se ha establecido un cronograma y tampoco se ha definido si la segunda etapa (mantenimiento, operaci\u00f3n e infraestructura) ser\u00e1 por asociaci\u00f3n p\u00fablica-<span style=\"color: #000080;\"><em><strong>privada.<\/strong><\/em><\/span><\/p>\n<p style=\"text-align: justify;\"><span style=\"color: #000080;\"><em><strong>\u201cEl ministro Giuffra tiene un compromiso pendiente. Se debe presentar ante el CCR y mostrar los documentos del cronograma y fijar una fecha para el inicio de las obras\u201d.<\/strong><\/em><\/span><\/p>\n<p style=\"text-align: justify;\">Licona tambi\u00e9n mostr\u00f3 su extra\u00f1eza porque el Gobierno Regional no ha participado en las \u00faltimas reuniones entre Giuffra, las autoridades y dirigentes de Chinchero.<\/p>\n<p style=\"text-align: justify;\"><em><strong><span style=\"color: #000080;\">\u201cEstoy inc\u00f3modo, porque Bruno Giufra quiere tener tratos directos con las comunidades dejando de lado al Gobierno Regional. No nos han comunicado y menos invitado, parece que se est\u00e1 burlando de la regi\u00f3n Cusco\u201d<\/span><\/strong><\/em>, dijo la autoridad.<\/p>\n<p style=\"text-align: justify;\">Por su parte, el exalcalde de Chinchero, Juan Carlos G\u00f3mez, cuestion\u00f3 al actual burgomaestre\u00a0 Walberto Sallo\u00a0 por sostener reuniones improductivas con el ministro Giuffra.<\/p>\n<p style=\"text-align: justify;\">Haydee Meza\/La Rep\u00fablica.<\/p>\n<p>&nbsp;<\/p>\n","protected":false},"excerpt":{"rendered":"<p>29\/08\/2017\/Lima.- Ante el entrampamiento del proyecto del Aeropuerto Internacional de Chinchero, el gobernador regional Edwin Licona demand\u00f3 al ministro de Transportes y Comunicaciones, Bruno Giuffra, presentarse ante el Consejo de Coordinaci\u00f3n Regional (CCR), para informar sobre la modalidad en que se ejecutar\u00e1 la obra y el cronograma para el inicio de las obras f\u00edsicas . Si bien el Gobierno Central anunci\u00f3 que la etapa del movimiento de tierras ser\u00e1 a trav\u00e9s de la modalidad de obra p\u00fablica y se iniciar\u00e1 en enero del 2018; a\u00fan no se ha establecido un cronograma y tampoco se ha definido si la segunda etapa&#8230;<\/p>\n","protected":false},"author":1,"featured_media":31182,"comment_status":"open","ping_status":"open","sticky":false,"template":"","format":"standard","meta":{"footnotes":""},"categories":[4,82],"tags":[337,7586,134,6132,749],"class_list":["post-31181","post","type-post","status-publish","format-standard","has-post-thumbnail","hentry","category-breaking-news","category-nacionales","tag-aeropuerto-internacional-de-chinchero","tag-bruno-giufra","tag-cusco","tag-portal-de-noticias-turistamagazine","tag-turistamagazine"],"_links":{"self":[{"href":"https:\/\/www.turistamagazine.com\/v2\/index.php?rest_route=\/wp\/v2\/posts\/31181","targetHints":{"allow":["GET"]}}],"collection":[{"href":"https:\/\/www.turistamagazine.com\/v2\/index.php?rest_route=\/wp\/v2\/posts"}],"about":[{"href":"https:\/\/www.turistamagazine.com\/v2\/index.php?rest_route=\/wp\/v2\/types\/post"}],"author":[{"embeddable":true,"href":"https:\/\/www.turistamagazine.com\/v2\/index.php?rest_route=\/wp\/v2\/users\/1"}],"replies":[{"embeddable":true,"href":"https:\/\/www.turistamagazine.com\/v2\/index.php?rest_route=%2Fwp%2Fv2%2Fcomments&post=31181"}],"version-history":[{"count":1,"href":"https:\/\/www.turistamagazine.com\/v2\/index.php?rest_route=\/wp\/v2\/posts\/31181\/revisions"}],"predecessor-version":[{"id":31183,"href":"https:\/\/www.turistamagazine.com\/v2\/index.php?rest_route=\/wp\/v2\/posts\/31181\/revisions\/31183"}],"wp:featuredmedia":[{"embeddable":true,"href":"https:\/\/www.turistamagazine.com\/v2\/index.php?rest_route=\/wp\/v2\/media\/31182"}],"wp:attachment":[{"href":"https:\/\/www.turistamagazine.com\/v2\/index.php?rest_route=%2Fwp%2Fv2%2Fmedia&parent=31181"}],"wp:term":[{"taxonomy":"category","embeddable":true,"href":"https:\/\/www.turistamagazine.com\/v2\/index.php?rest_route=%2Fwp%2Fv2%2Fcategories&post=31181"},{"taxonomy":"post_tag","embeddable":true,"href":"https:\/\/www.turistamagazine.com\/v2\/index.php?rest_route=%2Fwp%2Fv2%2Ftags&post=31181"}],"curies":[{"name":"wp","href":"https:\/\/api.w.org\/{rel}","templated":true}]}}