{"id":31174,"date":"2017-08-29T09:30:56","date_gmt":"2017-08-29T14:30:56","guid":{"rendered":"http:\/\/www.turistamagazine.com\/v2\/?p=31174"},"modified":"2017-08-29T09:33:42","modified_gmt":"2017-08-29T14:33:42","slug":"colombia-pone-en-circulacion-38-000-estampillas-por-visita-del-papa","status":"publish","type":"post","link":"https:\/\/www.turistamagazine.com\/v2\/?p=31174","title":{"rendered":"COLOMBIA PONE EN CIRCULACI\u00d3N 38.000 ESTAMPILLAS POR VISITA DEL PAPA"},"content":{"rendered":"<p style=\"text-align: justify;\">29\/08\/2017\/Bogot\u00e1.- pondr\u00e1 en circulaci\u00f3n 38.000 estampillas por la visita que har\u00e1 el papa Francisco al pa\u00eds entre el 6 y el 10 de septiembre pr\u00f3ximos, y que incluye las ciudades de Bogot\u00e1, Villavicencio, Medell\u00edn y Cartagena. El presidente colombiano, Juan Manuel Santos, dio a conocer este lunes la emisi\u00f3n filat\u00e9lica, creada por la empresa oficial de correos del pa\u00eds, y que circular\u00e1 en la naci\u00f3n andina a trav\u00e9s de 4-72 y en el mundo por medio de la Uni\u00f3n Postal Universal (UPU). <span style=\"color: #000080;\"><em><strong>\u00abLa imagen del papa Francisco quedar\u00e1 plasmada e inmortalizada en la historia postal\u00bb<\/strong><\/em><\/span>, destac\u00f3 en un comunicado la Presidencia.\u00a0 La estampilla tendr\u00e1 un valor de 5.000 pesos (unos 1,6 d\u00f3lares) y una hoja filat\u00e9lica con una estampilla de 10.000 pesos (unos 3,3 dol\u00e1res).<\/p>\n<p style=\"text-align: justify;\">Comparte informaci\u00f3n, comparte valores\/Andina\/ Efe<\/p>\n","protected":false},"excerpt":{"rendered":"<p>29\/08\/2017\/Bogot\u00e1.- pondr\u00e1 en circulaci\u00f3n 38.000 estampillas por la visita que har\u00e1 el papa Francisco al pa\u00eds entre el 6 y el 10 de septiembre pr\u00f3ximos, y que incluye las ciudades de Bogot\u00e1, Villavicencio, Medell\u00edn y Cartagena. El presidente colombiano, Juan Manuel Santos, dio a conocer este lunes la emisi\u00f3n filat\u00e9lica, creada por la empresa oficial de correos del pa\u00eds, y que circular\u00e1 en la naci\u00f3n andina a trav\u00e9s de 4-72 y en el mundo por medio de la Uni\u00f3n Postal Universal (UPU). \u00abLa imagen del papa Francisco quedar\u00e1 plasmada e inmortalizada en la historia postal\u00bb, destac\u00f3 en un comunicado la&#8230;<\/p>\n","protected":false},"author":1,"featured_media":0,"comment_status":"open","ping_status":"open","sticky":false,"template":"","format":"standard","meta":{"footnotes":""},"categories":[4,84],"tags":[206,99,6132,749],"class_list":["post-31174","post","type-post","status-publish","format-standard","hentry","category-breaking-news","category-internacionales","tag-colombia","tag-elenita-villar","tag-portal-de-noticias-turistamagazine","tag-turistamagazine"],"_links":{"self":[{"href":"https:\/\/www.turistamagazine.com\/v2\/index.php?rest_route=\/wp\/v2\/posts\/31174","targetHints":{"allow":["GET"]}}],"collection":[{"href":"https:\/\/www.turistamagazine.com\/v2\/index.php?rest_route=\/wp\/v2\/posts"}],"about":[{"href":"https:\/\/www.turistamagazine.com\/v2\/index.php?rest_route=\/wp\/v2\/types\/post"}],"author":[{"embeddable":true,"href":"https:\/\/www.turistamagazine.com\/v2\/index.php?rest_route=\/wp\/v2\/users\/1"}],"replies":[{"embeddable":true,"href":"https:\/\/www.turistamagazine.com\/v2\/index.php?rest_route=%2Fwp%2Fv2%2Fcomments&post=31174"}],"version-history":[{"count":3,"href":"https:\/\/www.turistamagazine.com\/v2\/index.php?rest_route=\/wp\/v2\/posts\/31174\/revisions"}],"predecessor-version":[{"id":31177,"href":"https:\/\/www.turistamagazine.com\/v2\/index.php?rest_route=\/wp\/v2\/posts\/31174\/revisions\/31177"}],"wp:attachment":[{"href":"https:\/\/www.turistamagazine.com\/v2\/index.php?rest_route=%2Fwp%2Fv2%2Fmedia&parent=31174"}],"wp:term":[{"taxonomy":"category","embeddable":true,"href":"https:\/\/www.turistamagazine.com\/v2\/index.php?rest_route=%2Fwp%2Fv2%2Fcategories&post=31174"},{"taxonomy":"post_tag","embeddable":true,"href":"https:\/\/www.turistamagazine.com\/v2\/index.php?rest_route=%2Fwp%2Fv2%2Ftags&post=31174"}],"curies":[{"name":"wp","href":"https:\/\/api.w.org\/{rel}","templated":true}]}}