{"id":31159,"date":"2017-08-28T18:48:48","date_gmt":"2017-08-28T23:48:48","guid":{"rendered":"http:\/\/www.turistamagazine.com\/v2\/?p=31159"},"modified":"2017-08-28T18:48:48","modified_gmt":"2017-08-28T23:48:48","slug":"nuestro-mas-sentido-pesame","status":"publish","type":"post","link":"https:\/\/www.turistamagazine.com\/v2\/?p=31159","title":{"rendered":"NUESTRO M\u00c1S SENTIDO P\u00c9SAME"},"content":{"rendered":"<p style=\"text-align: justify;\"><span style=\"color: #000080;\"><em><strong>Inaudito lo que ha ocurrido en nuestro pa\u00eds, que nos ha conmovido profundamente y que pone en evidencia el maltrato o la falta de decisi\u00f3n de algunos funcionarios de la Seguridad Social en nuestros hospitales, esto ser\u00e1 un caso emblem\u00e1tico, por ser la persona afectad una querida pol\u00edtica que perteneci\u00f3 al gobierno de Ollanta Humala, nos estamos refiriendo la ex ministra de Trabajo y de la Mujer y Poblaciones Vulnerables y ex presidenta del Consejo de Ministros \u00a0Ana Jara\u00a0 \u00a0quien \u00a0independiente de sus tendencias pol\u00edticas y\/o religiosa fue y es una dama.<\/strong><\/em><\/span><\/p>\n<p style=\"text-align: justify;\">La Sra. madre de la ex ministra, fue trasladada desde Ica a Lima \u00a0en una ambulancia ya que requer\u00eda atenci\u00f3n m\u00e9dica especializada de \u00a0emergencia \u00a0a la cual la Sra. ten\u00eda derecho por ser jubilada y haber pagada su seguro toda su vida laboral, y no pudo ser ingresas a emergencia en el momento preciso, porque no ten\u00eda el <strong><em><span style=\"color: #000080;\">DNI \u201cF\u00edsico<\/span>\u201d<\/em> <em><span style=\"color: #000080;\">se pueden Ud. Imaginar mis queridos lectores, que en plena \u00e9poca tecnol\u00f3gica se necesita un cartoncito para atender a una paciente en es<\/span><\/em><\/strong>tado grave?. Realmente inconcebible\u2026<\/p>\n<p style=\"text-align: justify;\">Evidentemente la Sra. muri\u00f3, lo cual lo sentimos, mucho, lo m\u00e9dicos alegan que un paciente en ese estado y edad, el porcentaje de personas que se salvan es muy bajo, pero quien nos asegura que si hubiera sido atendido a tiempo no hubiera estado dentro de ese m\u00ednimo porcentaje?.<\/p>\n<p style=\"text-align: justify;\">La ex presidenta del Consejo de Ministros tiene toda la raz\u00f3n para pedir \u00a0la reorganizaci\u00f3n de Essalud y no s\u00f3lo por \u00a0la muerte de su madre, \u00a0son infinidad de quejas por maltrato a los pacientes. Ana Jara responsabiliz\u00f3 al personal del nosocomio por la muerte de su progenitora, Yolanda Vel\u00e1squez Carri\u00f3n, quien no fue ingresada a la Unidad de Cuidados Intensivos por la falta de su DNI en f\u00edsico.<\/p>\n<p style=\"text-align: justify;\">Ante ello, pidi\u00f3 la revisi\u00f3n de los protocolos del hospital Rebagliati, la reorganizaci\u00f3n de Essalud y la formaci\u00f3n de bio\u00e9tica para quienes tienen contacto con los pacientes y sus familiares.<\/p>\n<p style=\"text-align: justify;\">Es necesaria, la reorganizaci\u00f3n inmediata y sobre todo capacitarlos en atenci\u00f3n a los pacientes a todos, desde los m\u00e9dicos hasta los de seguridad, porque no es lo mismo una persona que trabaje en seguridad hospitalaria, que tenga trato con los pacientes en estados de \u00a0emergencia( graves) que un tipo de seguridad que trabaja en la puerta de un banco\u2026<\/p>\n<p style=\"text-align: justify;\"><strong><em><span style=\"color: #000080;\">Conocemos muchas de estas historias de injusticia\u2026 Pero Anita en tu caso, nosotros pasamos sobre un tanque \u00a0si se nos pone delante\u2026 La vida est\u00e1 primero que cualquier protocolo de atenci\u00f3n m\u00e1s a\u00fan en esta era cibern\u00e9tica\u2026<\/span><\/em><\/strong><\/p>\n<p style=\"text-align: justify;\">Saquen sus consecuencias mis queridos amigos, si a una persona de la trayectoria de Ana Jara. \u2013dice que no se identific\u00f3- le pasa eso, que puede pasar con los millones de seres an\u00f3nimos, que pasan por los hospitales de\u00a0 seguridad social\u2026<\/p>\n<p style=\"text-align: justify;\">\u00a0Siempre repetimos que ser agradecidos es de bien nacidos. En nuestra experiencia, que fue tambi\u00e9n dolorosa y traum\u00e1tica m\u00e1s de una ves, recordarnos con agradecimiento a la Dra. Virginia Baffigo, que siempre nos brind\u00f3, con esa dulzura que la caracteriza, todas las facilidades para ser bien atendidos\u2026 Como est\u00e1n las cosas ahora en Essalud, se le \u00a0extra\u00f1a y reclama\u2026<\/p>\n<p style=\"text-align: justify;\">Estamos seguros, que si la Dra. Virginia Baffigo hubiera estado en Essalud, Anita no hubiera pasado por ese calvario\u2026<\/p>\n<p style=\"text-align: justify;\">Mgr. Elena Villar<\/p>\n","protected":false},"excerpt":{"rendered":"<p>Inaudito lo que ha ocurrido en nuestro pa\u00eds, que nos ha conmovido profundamente y que pone en evidencia el maltrato o la falta de decisi\u00f3n de algunos funcionarios de la Seguridad Social en nuestros hospitales, esto ser\u00e1 un caso emblem\u00e1tico, por ser la persona afectad una querida pol\u00edtica que perteneci\u00f3 al gobierno de Ollanta Humala, nos estamos refiriendo la ex ministra de Trabajo y de la Mujer y Poblaciones Vulnerables y ex presidenta del Consejo de Ministros \u00a0Ana Jara\u00a0 \u00a0quien \u00a0independiente de sus tendencias pol\u00edticas y\/o religiosa fue y es una dama. La Sra. madre de la ex ministra, fue&#8230;<\/p>\n","protected":false},"author":1,"featured_media":0,"comment_status":"open","ping_status":"open","sticky":false,"template":"","format":"standard","meta":{"footnotes":""},"categories":[90],"tags":[2871,321,340,6132,749],"class_list":["post-31159","post","type-post","status-publish","format-standard","hentry","category-pensando-en-voz-alta","tag-ana-jara-velasquez","tag-lima","tag-peru","tag-portal-de-noticias-turistamagazine","tag-turistamagazine"],"_links":{"self":[{"href":"https:\/\/www.turistamagazine.com\/v2\/index.php?rest_route=\/wp\/v2\/posts\/31159","targetHints":{"allow":["GET"]}}],"collection":[{"href":"https:\/\/www.turistamagazine.com\/v2\/index.php?rest_route=\/wp\/v2\/posts"}],"about":[{"href":"https:\/\/www.turistamagazine.com\/v2\/index.php?rest_route=\/wp\/v2\/types\/post"}],"author":[{"embeddable":true,"href":"https:\/\/www.turistamagazine.com\/v2\/index.php?rest_route=\/wp\/v2\/users\/1"}],"replies":[{"embeddable":true,"href":"https:\/\/www.turistamagazine.com\/v2\/index.php?rest_route=%2Fwp%2Fv2%2Fcomments&post=31159"}],"version-history":[{"count":2,"href":"https:\/\/www.turistamagazine.com\/v2\/index.php?rest_route=\/wp\/v2\/posts\/31159\/revisions"}],"predecessor-version":[{"id":31210,"href":"https:\/\/www.turistamagazine.com\/v2\/index.php?rest_route=\/wp\/v2\/posts\/31159\/revisions\/31210"}],"wp:attachment":[{"href":"https:\/\/www.turistamagazine.com\/v2\/index.php?rest_route=%2Fwp%2Fv2%2Fmedia&parent=31159"}],"wp:term":[{"taxonomy":"category","embeddable":true,"href":"https:\/\/www.turistamagazine.com\/v2\/index.php?rest_route=%2Fwp%2Fv2%2Fcategories&post=31159"},{"taxonomy":"post_tag","embeddable":true,"href":"https:\/\/www.turistamagazine.com\/v2\/index.php?rest_route=%2Fwp%2Fv2%2Ftags&post=31159"}],"curies":[{"name":"wp","href":"https:\/\/api.w.org\/{rel}","templated":true}]}}