{"id":31032,"date":"2017-08-22T10:52:43","date_gmt":"2017-08-22T15:52:43","guid":{"rendered":"http:\/\/www.turistamagazine.com\/v2\/?p=31032"},"modified":"2017-08-22T10:52:43","modified_gmt":"2017-08-22T15:52:43","slug":"papa-francisco-recibira-cirio-especial-de-hermandad-del-senor-de-los-milagros","status":"publish","type":"post","link":"https:\/\/www.turistamagazine.com\/v2\/?p=31032","title":{"rendered":"PAPA FRANCISCO RECIBIR\u00c1 CIRIO ESPECIAL DE HERMANDAD DEL SE\u00d1OR DE LOS MILAGROS"},"content":{"rendered":"<p style=\"text-align: justify;\">22\/ 08\/ 2017\/Lima.-Una r\u00e9plica del cirio oficial del Se\u00f1or de Los Milagros, elaborado con cera especial y pan de oro, se entregar\u00e1 hoy en el Vaticano al Papa Francisco como obsequio por su conocida devoci\u00f3n al Cristo Moreno. Seg\u00fan inform\u00f3 a la Agencia Andina el mayordomo de la Hermandad, Luis Manuel Orrillo Pe\u00f1a, esta vela especial fue elaborada por David Anaya, el cerero oficial de los fieles del Cristo de Pachacamilla.<\/p>\n<p style=\"text-align: justify;\">El joven artesano, <span style=\"color: #000080;\"><strong><em>\u00abpara quien ha sido un honor confeccionar el cirio\u00bb<\/em><\/strong>,<\/span> es el \u00fanico responsable de preparar la cera para todas las velas que usa la Hermandad en sus procesiones.<\/p>\n<p style=\"text-align: justify;\">La r\u00e9plica ha sido labrada en pan de oro y tiene las im\u00e1genes del Cristo Moreno y de los cuatro santos m\u00e1s representativos de la fe cat\u00f3lica peruana: Santa Rosa, San Mart\u00edn, Santo Toribio de Mogrovejo y San Juan Mas\u00edas. Orrillo record\u00f3 las palabras que el Sumo Pont\u00edfice mencion\u00f3 sobre nuestro pa\u00eds en el sentido de que somos <span style=\"color: #000080;\"><strong><em>\u00abuna tierra de los santos\u201d.<\/em><\/strong><\/span><\/p>\n<p><img decoding=\"async\" class=\"aligncenter size-full wp-image-31034\" src=\"https:\/\/www.turistamagazine.com\/v2\/wp-content\/uploads\/2017\/08\/000443087M.jpg\" alt=\"\" width=\"500\" height=\"333\" srcset=\"https:\/\/www.turistamagazine.com\/v2\/wp-content\/uploads\/2017\/08\/000443087M.jpg 500w, https:\/\/www.turistamagazine.com\/v2\/wp-content\/uploads\/2017\/08\/000443087M-300x200.jpg 300w\" sizes=\"(max-width: 500px) 100vw, 500px\" \/><\/p>\n<p style=\"text-align: justify;\"><span style=\"color: #000080;\"><strong><em>\u00abEs una obra que muestra lo m\u00e1s tradicional del Per\u00fa, la fe en el Se\u00f1or de los Milagros y su arte. Eso es lo que queremos transmitir\u00bb<\/em><\/strong><\/span>, se\u00f1al\u00f3. Para asegurar su movilidad y traslado hacia la Santa Sede, el cirio se coloc\u00f3 dentro de un estuche de pana delicadamente confeccionado.<\/p>\n<p style=\"text-align: justify;\">En la parte superior de la tapa est\u00e1 inscrito el escudo de la hermandad. Hay que recordar que el papa Francisco siente gran devoci\u00f3n por el Se\u00f1or de los Milagros, desde antes de que fuera elegido sumo pont\u00edfice de la Iglesia cat\u00f3lica. <em><strong><span style=\"color: #000080;\">Antes de ser arzobispo de Buenos Aires, Jorge Mario Bergoglio, nombre original de Francisco, fue director espiritual de la Hermandad del Se\u00f1or de los Milagros de la provincia de Mendoza.\u00a0<\/span><\/strong><\/em><\/p>\n<p style=\"text-align: justify;\">\n<p style=\"text-align: justify;\">Comparte informaci\u00f3n, comparte valores\/ Andina<\/p>\n","protected":false},"excerpt":{"rendered":"<p>22\/ 08\/ 2017\/Lima.-Una r\u00e9plica del cirio oficial del Se\u00f1or de Los Milagros, elaborado con cera especial y pan de oro, se entregar\u00e1 hoy en el Vaticano al Papa Francisco como obsequio por su conocida devoci\u00f3n al Cristo Moreno. Seg\u00fan inform\u00f3 a la Agencia Andina el mayordomo de la Hermandad, Luis Manuel Orrillo Pe\u00f1a, esta vela especial fue elaborada por David Anaya, el cerero oficial de los fieles del Cristo de Pachacamilla. El joven artesano, \u00abpara quien ha sido un honor confeccionar el cirio\u00bb, es el \u00fanico responsable de preparar la cera para todas las velas que usa la Hermandad en&#8230;<\/p>\n","protected":false},"author":1,"featured_media":0,"comment_status":"open","ping_status":"open","sticky":false,"template":"","format":"standard","meta":{"footnotes":""},"categories":[4,82],"tags":[7471,171,6132,6247,749],"class_list":["post-31032","post","type-post","status-publish","format-standard","hentry","category-breaking-news","category-nacionales","tag-elenita-villar-asesora-de-tesis-en-turismo","tag-papa-francisco","tag-portal-de-noticias-turistamagazine","tag-sr-de-los-milagros","tag-turistamagazine"],"_links":{"self":[{"href":"https:\/\/www.turistamagazine.com\/v2\/index.php?rest_route=\/wp\/v2\/posts\/31032","targetHints":{"allow":["GET"]}}],"collection":[{"href":"https:\/\/www.turistamagazine.com\/v2\/index.php?rest_route=\/wp\/v2\/posts"}],"about":[{"href":"https:\/\/www.turistamagazine.com\/v2\/index.php?rest_route=\/wp\/v2\/types\/post"}],"author":[{"embeddable":true,"href":"https:\/\/www.turistamagazine.com\/v2\/index.php?rest_route=\/wp\/v2\/users\/1"}],"replies":[{"embeddable":true,"href":"https:\/\/www.turistamagazine.com\/v2\/index.php?rest_route=%2Fwp%2Fv2%2Fcomments&post=31032"}],"version-history":[{"count":1,"href":"https:\/\/www.turistamagazine.com\/v2\/index.php?rest_route=\/wp\/v2\/posts\/31032\/revisions"}],"predecessor-version":[{"id":31035,"href":"https:\/\/www.turistamagazine.com\/v2\/index.php?rest_route=\/wp\/v2\/posts\/31032\/revisions\/31035"}],"wp:attachment":[{"href":"https:\/\/www.turistamagazine.com\/v2\/index.php?rest_route=%2Fwp%2Fv2%2Fmedia&parent=31032"}],"wp:term":[{"taxonomy":"category","embeddable":true,"href":"https:\/\/www.turistamagazine.com\/v2\/index.php?rest_route=%2Fwp%2Fv2%2Fcategories&post=31032"},{"taxonomy":"post_tag","embeddable":true,"href":"https:\/\/www.turistamagazine.com\/v2\/index.php?rest_route=%2Fwp%2Fv2%2Ftags&post=31032"}],"curies":[{"name":"wp","href":"https:\/\/api.w.org\/{rel}","templated":true}]}}