{"id":31022,"date":"2017-08-21T09:58:44","date_gmt":"2017-08-21T14:58:44","guid":{"rendered":"http:\/\/www.turistamagazine.com\/v2\/?p=31022"},"modified":"2017-08-21T09:58:44","modified_gmt":"2017-08-21T14:58:44","slug":"brigitte-macron-gozara-de-estatuto-informal-de-primera-dama","status":"publish","type":"post","link":"https:\/\/www.turistamagazine.com\/v2\/?p=31022","title":{"rendered":"BRIGITTE MACRON GOZAR\u00c1 DE ESTATUTO INFORMAL DE PRIMERA DAMA"},"content":{"rendered":"<p style=\"text-align: justify;\">21 \/ 08\/2017\/ Francia.- Brigitte Macron, la popular esposa del presidente franc\u00e9s Emmanuel Macron, representar\u00e1 al pa\u00eds y llevar\u00e1 a cabo obras de caridad, pero no gozar\u00e1 del estatuto oficial de Primera Dama, revel\u00f3 la presidencia el lunes.<\/p>\n<p style=\"text-align: justify;\">Emmanuel Macron hab\u00eda propuesto durante la campa\u00f1a presidencial crear en Francia un estatuto oficial de Primera Dama pero renunci\u00f3 a esta idea ante una petici\u00f3n en contra que reuni\u00f3 m\u00e1s de 300.000 firmas en tres semanas.<\/p>\n<p style=\"text-align: justify;\">\u00a0La exprofesora de secundaria de 64 a\u00f1os, que estuvo omnipresente durante toda la campa\u00f1a presidencial, asumir\u00e1 no obstante un rol p\u00fablico, definido por una carta de transparencia que especificar\u00e1 sus misiones y recursos. Contar\u00e1 con dos asesores presidenciales y una secretaria, todo esto financiado dentro del presupuesto de la presidencia.<\/p>\n<p style=\"text-align: justify;\"><strong><em>\u00a0<span style=\"color: #000080;\">\u00abNo se trata de un estatuto jur\u00eddico sino de un compromiso, que se aplicar\u00e1 solo a Brigitte Macron durante el mandato de Emmanuel Macron\u00bb<\/span>,<\/em><\/strong> dijo a la AFP el equipo de la esposa del presidente. En Francia no est\u00e1 definido oficialmente el marco de acci\u00f3n del c\u00f3nyuge del jefe de Estado ni los recursos de los que dispone,\u00a0 no obstante, en la pr\u00e1ctica, hace tiempo que cuentan con despacho, colaboradores y un servicio de protecci\u00f3n dependientes del presupuesto del El\u00edseo.<\/p>\n<p style=\"text-align: justify;\">Brigitte Macron, una guapa rubia de ojos azules, muy popular en Francia, dijo en su primera entrevista publicada la semana pasada en la revista Elle que asumir\u00e1 <span style=\"color: #000080;\"><strong><em>\u00abplenamente\u00bb<\/em><\/strong> <\/span>su rol p\u00fablico pero con mayor transparencia que otras mujeres de anteriores presidentes. <strong><em><span style=\"color: #000080;\">\u00abComo todas aquellas que me precedieron,<\/span> asumir\u00e9<\/em><\/strong> mi rol p\u00fablico, pero los franceses sabr\u00e1n cu\u00e1les son los recursos puestos a mi disposici\u00f3n\u00bb, dijo esta mujer que suscita mucho inter\u00e9s en Francia y en el extranjero por su inusual historia de amor con su esposo y exalumno, 25 a\u00f1os menor que ella.<\/p>\n<p>&nbsp;<\/p>\n<p>Comparte informaci\u00f3n, comparte valores<\/p>\n<p>F\/ AFP T \/Andina<\/p>\n","protected":false},"excerpt":{"rendered":"<p>21 \/ 08\/2017\/ Francia.- Brigitte Macron, la popular esposa del presidente franc\u00e9s Emmanuel Macron, representar\u00e1 al pa\u00eds y llevar\u00e1 a cabo obras de caridad, pero no gozar\u00e1 del estatuto oficial de Primera Dama, revel\u00f3 la presidencia el lunes. Emmanuel Macron hab\u00eda propuesto durante la campa\u00f1a presidencial crear en Francia un estatuto oficial de Primera Dama pero renunci\u00f3 a esta idea ante una petici\u00f3n en contra que reuni\u00f3 m\u00e1s de 300.000 firmas en tres semanas. \u00a0La exprofesora de secundaria de 64 a\u00f1os, que estuvo omnipresente durante toda la campa\u00f1a presidencial, asumir\u00e1 no obstante un rol p\u00fablico, definido por una carta de&#8230;<\/p>\n","protected":false},"author":1,"featured_media":31023,"comment_status":"open","ping_status":"open","sticky":false,"template":"","format":"standard","meta":{"footnotes":""},"categories":[4,84],"tags":[7561,7309,471,6132,749],"class_list":["post-31022","post","type-post","status-publish","format-standard","has-post-thumbnail","hentry","category-breaking-news","category-internacionales","tag-brigitte-macron","tag-emmanuel-macron","tag-francia","tag-portal-de-noticias-turistamagazine","tag-turistamagazine"],"_links":{"self":[{"href":"https:\/\/www.turistamagazine.com\/v2\/index.php?rest_route=\/wp\/v2\/posts\/31022","targetHints":{"allow":["GET"]}}],"collection":[{"href":"https:\/\/www.turistamagazine.com\/v2\/index.php?rest_route=\/wp\/v2\/posts"}],"about":[{"href":"https:\/\/www.turistamagazine.com\/v2\/index.php?rest_route=\/wp\/v2\/types\/post"}],"author":[{"embeddable":true,"href":"https:\/\/www.turistamagazine.com\/v2\/index.php?rest_route=\/wp\/v2\/users\/1"}],"replies":[{"embeddable":true,"href":"https:\/\/www.turistamagazine.com\/v2\/index.php?rest_route=%2Fwp%2Fv2%2Fcomments&post=31022"}],"version-history":[{"count":1,"href":"https:\/\/www.turistamagazine.com\/v2\/index.php?rest_route=\/wp\/v2\/posts\/31022\/revisions"}],"predecessor-version":[{"id":31024,"href":"https:\/\/www.turistamagazine.com\/v2\/index.php?rest_route=\/wp\/v2\/posts\/31022\/revisions\/31024"}],"wp:featuredmedia":[{"embeddable":true,"href":"https:\/\/www.turistamagazine.com\/v2\/index.php?rest_route=\/wp\/v2\/media\/31023"}],"wp:attachment":[{"href":"https:\/\/www.turistamagazine.com\/v2\/index.php?rest_route=%2Fwp%2Fv2%2Fmedia&parent=31022"}],"wp:term":[{"taxonomy":"category","embeddable":true,"href":"https:\/\/www.turistamagazine.com\/v2\/index.php?rest_route=%2Fwp%2Fv2%2Fcategories&post=31022"},{"taxonomy":"post_tag","embeddable":true,"href":"https:\/\/www.turistamagazine.com\/v2\/index.php?rest_route=%2Fwp%2Fv2%2Ftags&post=31022"}],"curies":[{"name":"wp","href":"https:\/\/api.w.org\/{rel}","templated":true}]}}