{"id":30978,"date":"2017-08-18T09:37:34","date_gmt":"2017-08-18T14:37:34","guid":{"rendered":"http:\/\/www.turistamagazine.com\/v2\/?p=30978"},"modified":"2017-08-18T12:12:08","modified_gmt":"2017-08-18T17:12:08","slug":"la-omt-condena-energicamente-el-atentado-perpetrado-en-barcelona","status":"publish","type":"post","link":"https:\/\/www.turistamagazine.com\/v2\/?p=30978","title":{"rendered":"LA OMT CONDENA EN\u00c9RGICAMENTE EL ATENTADO PERPETRADO EN BARCELONA"},"content":{"rendered":"<p style=\"text-align: justify;\">18\/ 08\/2017\/ Espa\u00f1a.- La OMT condena en\u00e9rgicamente el atroz atentado ocurrido ayer en la ciudad de Barcelona y transmite su m\u00e1s sentido p\u00e9same a los familiares y amigos de las v\u00edctimas inocentes y al pueblo y al Gobierno de Espa\u00f1a.<\/p>\n<p style=\"text-align: justify;\">\u00abLamentamos profundamente este acto terrorista y la tr\u00e1gica p\u00e9rdida de vidas inocentes. En estos tiempos dif\u00edciles, nuestros pensamientos est\u00e1n con las familias y amigos de las v\u00edctimas\u00bb, ha declarado Taleb Rifai, Secretario General de la OMT. \u00abEste es uno m\u00e1s de los cobardes ataques contra todos nosotros y un firme recordatorio de que la comunidad internacional debe permanecer unida en la lucha contra estas fuerzas de la oscuridad y contra todo tipo de actos terroristas\u00bb, ha a\u00f1adido, reiterando la plena solidaridad de la OMT con Espa\u00f1a, pa\u00eds sede de la OMT, y sus ciudadanos.<\/p>\n<p><img decoding=\"async\" class=\"aligncenter size-full wp-image-10762\" src=\"https:\/\/www.turistamagazine.com\/v2\/wp-content\/uploads\/2015\/02\/omt.jpg\" alt=\"\" width=\"422\" height=\"225\" \/><\/p>\n<p>&nbsp;<\/p>\n","protected":false},"excerpt":{"rendered":"<p>18\/ 08\/2017\/ Espa\u00f1a.- La OMT condena en\u00e9rgicamente el atroz atentado ocurrido ayer en la ciudad de Barcelona y transmite su m\u00e1s sentido p\u00e9same a los familiares y amigos de las v\u00edctimas inocentes y al pueblo y al Gobierno de Espa\u00f1a. \u00abLamentamos profundamente este acto terrorista y la tr\u00e1gica p\u00e9rdida de vidas inocentes. En estos tiempos dif\u00edciles, nuestros pensamientos est\u00e1n con las familias y amigos de las v\u00edctimas\u00bb, ha declarado Taleb Rifai, Secretario General de la OMT. \u00abEste es uno m\u00e1s de los cobardes ataques contra todos nosotros y un firme recordatorio de que la comunidad internacional debe permanecer unida en&#8230;<\/p>\n","protected":false},"author":1,"featured_media":0,"comment_status":"open","ping_status":"open","sticky":false,"template":"","format":"standard","meta":{"footnotes":""},"categories":[4,84],"tags":[178,6132,129,128,749],"class_list":["post-30978","post","type-post","status-publish","format-standard","hentry","category-breaking-news","category-internacionales","tag-espana","tag-portal-de-noticias-turistamagazine","tag-secretario-general-de-la-omt","tag-taleb-rifai","tag-turistamagazine"],"_links":{"self":[{"href":"https:\/\/www.turistamagazine.com\/v2\/index.php?rest_route=\/wp\/v2\/posts\/30978","targetHints":{"allow":["GET"]}}],"collection":[{"href":"https:\/\/www.turistamagazine.com\/v2\/index.php?rest_route=\/wp\/v2\/posts"}],"about":[{"href":"https:\/\/www.turistamagazine.com\/v2\/index.php?rest_route=\/wp\/v2\/types\/post"}],"author":[{"embeddable":true,"href":"https:\/\/www.turistamagazine.com\/v2\/index.php?rest_route=\/wp\/v2\/users\/1"}],"replies":[{"embeddable":true,"href":"https:\/\/www.turistamagazine.com\/v2\/index.php?rest_route=%2Fwp%2Fv2%2Fcomments&post=30978"}],"version-history":[{"count":4,"href":"https:\/\/www.turistamagazine.com\/v2\/index.php?rest_route=\/wp\/v2\/posts\/30978\/revisions"}],"predecessor-version":[{"id":30982,"href":"https:\/\/www.turistamagazine.com\/v2\/index.php?rest_route=\/wp\/v2\/posts\/30978\/revisions\/30982"}],"wp:attachment":[{"href":"https:\/\/www.turistamagazine.com\/v2\/index.php?rest_route=%2Fwp%2Fv2%2Fmedia&parent=30978"}],"wp:term":[{"taxonomy":"category","embeddable":true,"href":"https:\/\/www.turistamagazine.com\/v2\/index.php?rest_route=%2Fwp%2Fv2%2Fcategories&post=30978"},{"taxonomy":"post_tag","embeddable":true,"href":"https:\/\/www.turistamagazine.com\/v2\/index.php?rest_route=%2Fwp%2Fv2%2Ftags&post=30978"}],"curies":[{"name":"wp","href":"https:\/\/api.w.org\/{rel}","templated":true}]}}