{"id":3078,"date":"2014-03-30T10:07:19","date_gmt":"2014-03-30T15:07:19","guid":{"rendered":"http:\/\/www.turistamagazine.com\/v2\/?p=3078"},"modified":"2014-03-30T10:19:33","modified_gmt":"2014-03-30T15:19:33","slug":"belgica-obama-destaca-unidad-con-ue-ante-crisis-de-ucraniaasegura-que-problema-solo-se-podra-resolver-por-la-via-diplomatica","status":"publish","type":"post","link":"https:\/\/www.turistamagazine.com\/v2\/?p=3078","title":{"rendered":"BELGICA: OBAMA DESTACA UNIDAD CON UE ANTE CRISIS DE UCRANIAASEGURA QUE PROBLEMA SOLO SE PODR\u00c1 RESOLVER POR LA V\u00cdA DIPLOM\u00c1TICA"},"content":{"rendered":"<p style=\"text-align: justify;\">El presidente de Estados Unidos, Barack Obama, destac\u00f3 en Bruselas la unidad de su pa\u00eds y la Uni\u00f3n Europea y el aislamiento de Rusia ante la crisis de Ucrania. \u201cRusia est\u00e1 sola [&#8230;] los 28 miembros de la Uni\u00f3n Europea est\u00e1n unidos, los miembros de la OTAN est\u00e1n unidos\u201d, se\u00f1al\u00f3 Obama luego de reunirse con los presidentes del Consejo Europeo, Herman van Rompuy; y de la Comisi\u00f3n, Jos\u00e9 Manuel Durao Barroso. \u201cSi alguien en Rusia pens\u00f3 que al mundo no le importar\u00eda lo que hiciera en Ucrania, o que podr\u00edan poner una cu\u00f1a entre la Uni\u00f3n Europea y Estados Unidos, claramente lo evalu\u00f3 mal\u201d, agreg\u00f3.<\/p>\n<p style=\"text-align: justify;\">\u00a0Anexi\u00f3n<\/p>\n<p style=\"text-align: justify;\">De esta forma, el presidente estadounidense volvi\u00f3 a criticar la anexi\u00f3n rusa de la regi\u00f3n ucraniana de Crimea, votada por los crimeos en un refer\u00e9ndum unilateral pero considerada ilegal por las potencias occidentales. Puso de relieve la unidad de pareceres con sus aliados transatl\u00e1nticos y asegur\u00f3 que la \u201csolidaridad\u201d entre Europa y Estados Unidos hace que \u201cel mundo sea m\u00e1s seguro y justo\u201d.<\/p>\n<p style=\"text-align: justify;\">Precis\u00f3 que la crisis de Crimea solo podr\u00e1 resolverse por \u201cla v\u00eda diplom\u00e1tica\u201d.<\/p>\n<p style=\"text-align: justify;\">Sostuvo que \u201ccon el tiempo, mientras nos mantengamos unidos, el pueblo ruso reconocer\u00e1 que no puede alcanzar la seguridad, la prosperidad y el estatus al que aspira a trav\u00e9s de la fuerza bruta\u201d.<\/p>\n<p style=\"text-align: justify;\">\u00a0Sanciones<\/p>\n<p style=\"text-align: justify;\">Los l\u00edderes del G7 decidieron suspender la participaci\u00f3n en la cumbre del G8 organizada por Rusia, y reemplazarla por otra sin Mosc\u00fa en Bruselas, as\u00ed como estudiar nuevas sanciones concentr\u00e1ndose en los campos de la \u201cenerg\u00eda, el sector financiero y bancario y el sector del armamento\u201d. Pero Obama dio a entender que hab\u00eda diferencias entre los aliados, debido al grado de interdependencia entre muchas econom\u00edas europeas y la de Rusia, sobre todo en el campo energ\u00e9tico, como en Alemania y Polonia.<\/p>\n<p style=\"text-align: justify;\">Econom\u00eda rusa<\/p>\n<p style=\"text-align: justify;\">La econom\u00eda rusa, ya de por si desacelerada, podr\u00eda contraerse hasta un 1.8% este a\u00f1o si la crisis con Ucrania se agrava, advirti\u00f3 el Banco Mundial (BM). Rusia podr\u00eda sufrir adem\u00e1s una fuga de capitales de hasta 150,000 millones de d\u00f3lares causada por la inseguridad, \u00a0a ra\u00edz de la anexi\u00f3n de Crimea, que provoc\u00f3 duras condenas\u00a0 de Estados Unidos y la Uni\u00f3n Europea y la peor crisis diplom\u00e1tica desde el fin de la\u00a0 Guerra Fr\u00eda.<\/p>\n<p style=\"text-align: justify;\">Libertad<\/p>\n<p style=\"text-align: justify;\">Obama tambi\u00e9n manifest\u00f3 su \u201cpreocupaci\u00f3n\u201d por la reducci\u00f3n del nivel de gasto en el sector de la defensa de algunos pa\u00edses de la OTAN, y afirm\u00f3 que \u201cla libertad tiene un precio que debemos pagar\u201d. Entre 2007 y 2013, la parte de Estados Unidos en los gastos de defensa dentro de la OTAN pas\u00f3 de 68% a 73%, mientras que la de los pa\u00edses europeos, que son mayor\u00eda entre los 28 miembros de la OTAN, disminuy\u00f3, seg\u00fan los datos de la Alianza.<\/p>\n<p style=\"text-align: justify;\">F\/ El Peruano<\/p>\n","protected":false},"excerpt":{"rendered":"<p>El presidente de Estados Unidos, Barack Obama, destac\u00f3 en Bruselas la unidad de su pa\u00eds y la Uni\u00f3n Europea y el aislamiento de Rusia ante la crisis de Ucrania. \u201cRusia est\u00e1 sola [&#8230;] los 28 miembros de la Uni\u00f3n Europea est\u00e1n unidos, los miembros de la OTAN est\u00e1n unidos\u201d, se\u00f1al\u00f3 Obama luego de reunirse con los presidentes del Consejo Europeo, Herman van Rompuy; y de la Comisi\u00f3n, Jos\u00e9 Manuel Durao Barroso. \u201cSi alguien en Rusia pens\u00f3 que al mundo no le importar\u00eda lo que hiciera en Ucrania, o que podr\u00edan poner una cu\u00f1a entre la Uni\u00f3n Europea y Estados Unidos,&#8230;<\/p>\n","protected":false},"author":1,"featured_media":0,"comment_status":"open","ping_status":"open","sticky":false,"template":"","format":"standard","meta":{"footnotes":""},"categories":[4,84],"tags":[176,154,1084,174,251],"class_list":["post-3078","post","type-post","status-publish","format-standard","hentry","category-breaking-news","category-internacionales","tag-barack-obama","tag-ee-uu","tag-otan","tag-rusia","tag-vladimirputin"],"_links":{"self":[{"href":"https:\/\/www.turistamagazine.com\/v2\/index.php?rest_route=\/wp\/v2\/posts\/3078","targetHints":{"allow":["GET"]}}],"collection":[{"href":"https:\/\/www.turistamagazine.com\/v2\/index.php?rest_route=\/wp\/v2\/posts"}],"about":[{"href":"https:\/\/www.turistamagazine.com\/v2\/index.php?rest_route=\/wp\/v2\/types\/post"}],"author":[{"embeddable":true,"href":"https:\/\/www.turistamagazine.com\/v2\/index.php?rest_route=\/wp\/v2\/users\/1"}],"replies":[{"embeddable":true,"href":"https:\/\/www.turistamagazine.com\/v2\/index.php?rest_route=%2Fwp%2Fv2%2Fcomments&post=3078"}],"version-history":[{"count":5,"href":"https:\/\/www.turistamagazine.com\/v2\/index.php?rest_route=\/wp\/v2\/posts\/3078\/revisions"}],"predecessor-version":[{"id":3087,"href":"https:\/\/www.turistamagazine.com\/v2\/index.php?rest_route=\/wp\/v2\/posts\/3078\/revisions\/3087"}],"wp:attachment":[{"href":"https:\/\/www.turistamagazine.com\/v2\/index.php?rest_route=%2Fwp%2Fv2%2Fmedia&parent=3078"}],"wp:term":[{"taxonomy":"category","embeddable":true,"href":"https:\/\/www.turistamagazine.com\/v2\/index.php?rest_route=%2Fwp%2Fv2%2Fcategories&post=3078"},{"taxonomy":"post_tag","embeddable":true,"href":"https:\/\/www.turistamagazine.com\/v2\/index.php?rest_route=%2Fwp%2Fv2%2Ftags&post=3078"}],"curies":[{"name":"wp","href":"https:\/\/api.w.org\/{rel}","templated":true}]}}